{"id":9879,"date":"2023-06-15T09:29:50","date_gmt":"2023-06-15T08:29:50","guid":{"rendered":"https:\/\/matulji.hr\/portal\/?p=9879"},"modified":"2023-06-15T09:29:50","modified_gmt":"2023-06-15T08:29:50","slug":"konstituirano-vijece-slovenske-nacionalne-manjine-opcine-matulji","status":"publish","type":"post","link":"https:\/\/matulji.hr\/portal\/konstituirano-vijece-slovenske-nacionalne-manjine-opcine-matulji\/","title":{"rendered":"KONSTITUIRANO VIJE\u0106E SLOVENSKE NACIONALNE MANJINE OP\u0106INE MATULJI"},"content":{"rendered":"\n<p>Konstituirano je Vije\u0107e slovenske nacionalne manjine Op\u0107ine Matulji. U Vije\u0107e su izabrani: Robert Bav\u010dar, Alenka Stani\u0107, Andrea \u0160losar, Alenka Sim\u010di\u0107, Vladimir Vrh, Milena Zub\u010di\u0107, Apolonija Kinkela, Liljana Ru\u017ei\u0107 i Sandra Grudeni\u0107.<\/p>\n","protected":false},"excerpt":{"rendered":"<p>Konstituirano je Vije\u0107e slovenske nacionalne manjine Op\u0107ine Matulji. U Vije\u0107e su izabrani: Robert Bav\u010dar, Alenka Stani\u0107, Andrea \u0160losar, Alenka Sim\u010di\u0107, Vladimir Vrh, Milena Zub\u010di\u0107, Apolonija Kinkela, Liljana Ru\u017ei\u0107 i Sandra Grudeni\u0107.<\/p>\n","protected":false},"author":3,"featured_media":9878,"comment_status":"closed","ping_status":"","sticky":false,"template":"","format":"standard","meta":{"footnotes":""},"categories":[3],"tags":[],"class_list":["post-9879","post","type-post","status-publish","format-standard","has-post-thumbnail","hentry","category-novosti"],"_links":{"self":[{"href":"https:\/\/matulji.hr\/portal\/wp-json\/wp\/v2\/posts\/9879","targetHints":{"allow":["GET"]}}],"collection":[{"href":"https:\/\/matulji.hr\/portal\/wp-json\/wp\/v2\/posts"}],"about":[{"href":"https:\/\/matulji.hr\/portal\/wp-json\/wp\/v2\/types\/post"}],"author":[{"embeddable":true,"href":"https:\/\/matulji.hr\/portal\/wp-json\/wp\/v2\/users\/3"}],"replies":[{"embeddable":true,"href":"https:\/\/matulji.hr\/portal\/wp-json\/wp\/v2\/comments?post=9879"}],"version-history":[{"count":1,"href":"https:\/\/matulji.hr\/portal\/wp-json\/wp\/v2\/posts\/9879\/revisions"}],"predecessor-version":[{"id":9880,"href":"https:\/\/matulji.hr\/portal\/wp-json\/wp\/v2\/posts\/9879\/revisions\/9880"}],"wp:featuredmedia":[{"embeddable":true,"href":"https:\/\/matulji.hr\/portal\/wp-json\/wp\/v2\/media\/9878"}],"wp:attachment":[{"href":"https:\/\/matulji.hr\/portal\/wp-json\/wp\/v2\/media?parent=9879"}],"wp:term":[{"taxonomy":"category","embeddable":true,"href":"https:\/\/matulji.hr\/portal\/wp-json\/wp\/v2\/categories?post=9879"},{"taxonomy":"post_tag","embeddable":true,"href":"https:\/\/matulji.hr\/portal\/wp-json\/wp\/v2\/tags?post=9879"}],"curies":[{"name":"wp","href":"https:\/\/api.w.org\/{rel}","templated":true}]}}