{"id":9841,"date":"2023-05-26T18:15:59","date_gmt":"2023-05-26T17:15:59","guid":{"rendered":"https:\/\/matulji.hr\/portal\/?p=9841"},"modified":"2023-06-02T16:51:46","modified_gmt":"2023-06-02T15:51:46","slug":"22-sjednica-opcinskog-vijeca-opcine-matulji-3","status":"publish","type":"post","link":"https:\/\/matulji.hr\/portal\/22-sjednica-opcinskog-vijeca-opcine-matulji-3\/","title":{"rendered":"22. SJEDNICA OP\u0106INSKOG VIJE\u0106A OP\u0106INE MATULJI"},"content":{"rendered":"\n<p>Na temelju \u010dlanka 34. stavka 1. to\u010dka 3. Statuta Op\u0107ine Matulji (\u201eSlu\u017ebene novine Primorsko- goranske \u017eupanije\u201c broj, 26\/09 , 38\/09, 17\/14. 29\/14, 4\/15 \u2013 pro\u010di\u0161\u0107eni tekst 39\/15, 07\/18, 6\/21 i 23\/21),<\/p>\n\n\n\n<p><strong>S a z i v a m<\/strong><\/p>\n\n\n\n<p><strong>22. sjednicu Op\u0107inskog vije\u0107a Op\u0107ine Matulji,&nbsp;<\/strong>koja \u0107e se odr\u017eati dana&nbsp;<strong>06.06.2023. godine<\/strong>&nbsp;(utorak) s po\u010detkom u&nbsp;<strong>17.00 sati&nbsp;u vije\u0107nici Op\u0107ine Matulji<\/strong><\/p>\n\n\n\n<p>Za sjednicu se predla\u017ee slijede\u0107i Dnevni red:<\/p>\n\n\n\n<ol class=\"wp-block-list\">\n<li><em><strong>Prijedlog Odluke o planu, programu i na\u010dinu upoznavanja stanovni\u0161tva s opasnostima od po\u017eara,<\/strong><\/em><\/li>\n<\/ol>\n\n\n\n<p><em>Izvjestitelji: Zamjenik op\u0107inskog na\u010delnika Eduard Ba\u0107i\u0107 i Zapovjednik Javne vatrogasne postrojbe Opatija Igor Ravni\u0107<\/em><\/p>\n\n\n\n<ol class=\"wp-block-list\" start=\"2\">\n<li><em><strong>Izvje\u0161\u0107e o stanju za\u0161tite od po\u017eara na podru\u010dju Op\u0107ine Matulji za 2022. godinu<\/strong><\/em><\/li>\n<\/ol>\n\n\n\n<p><em>Izvjestitelj Zapovjednik Javne vatrogasne postrojbe Opatija Igor Ravni\u0107,<\/em><\/p>\n\n\n\n<ol class=\"wp-block-list\" start=\"3\">\n<li><em><strong>Prijedlog Godi\u0161njeg provedbenog plana unapre\u0111enja za\u0161tite od po\u017eara na podru\u010dju Op\u0107ine Matulji za 2023. godinu<\/strong><\/em><em>,<\/em><\/li>\n<\/ol>\n\n\n\n<p><em>Izvjestitelji: Zamjenik op\u0107inskog na\u010delnika Eduard Ba\u0107i\u0107 i Zapovjednik Javne vatrogasne postrojbe Opatija Igor Ravni\u0107,<\/em><\/p>\n\n\n\n<ol class=\"wp-block-list\" start=\"4\">\n<li><em><strong>Prijedlog Odluke o davanju suglasnosti za provedbu ulaganja na podru\u010dju Op\u0107ine Matulji u projekt \u201eRekonstrukcija i opremanje sportske gra\u0111evine \u2013 igrali\u0161te Bre\u0161ca\u201c,<\/strong><\/em><\/li>\n<\/ol>\n\n\n\n<p><em>Izvjestitelji: Op\u0107inski na\u010delnik Vedran Kinkela,i v.d. pro\u010delnika <\/em><em>Jedinstvenog upravnog odjela Smiljana Veselinovi\u0107<\/em><\/p>\n\n\n\n<ol class=\"wp-block-list\" start=\"5\">\n<li><em><strong>Prijedlog Odluke o skidanju statusa javnog dobra na k.\u010d. 4673\/11 k.o. Pu\u017ei<\/strong><\/em><\/li>\n<\/ol>\n\n\n\n<p><em>Izvjestitelj <\/em><em>predsjednik Odbora za poslovni prostor, stambene odnose i imovinsko prava pitanja<\/em><em> Vladan Mekterovi\u0107,<\/em><\/p>\n\n\n\n<ol class=\"wp-block-list\" start=\"6\">\n<li><em><strong>Prijedlog Odluke o skidanju statusa javnog dobra na k.\u010d. 637\/369 k.o. Ku\u0107eli<\/strong><\/em><\/li>\n<\/ol>\n\n\n\n<p><em>Izvjestitelj <\/em><em>predsjednik Odbora za poslovni prostor, stambene odnose i imovinsko prava pitanja<\/em><em> Vladan Mekterovi\u0107,<\/em><\/p>\n\n\n\n<ol class=\"wp-block-list\" start=\"7\">\n<li><em><strong>Prijedlog Odluke o razrje\u0161enju i izboru \u010dlana Odbora za prora\u010dun i financije Op\u0107inskog vije\u0107a Op\u0107ine Matulji,<\/strong><\/em><\/li>\n<\/ol>\n\n\n\n<p><em>Izvjestitelj <\/em><em>predsjednica Odbora za izbor i imenovanje Ivana Bratovi\u0107 i v.d. Pro\u010delnika Jedinstvenog upravnog odjela Smiljana Veselinovi\u0107<\/em><\/p>\n\n\n\n<p>Napomena: Materijali uz to\u010dke 5. i 6. i 7. dnevnog reda dostaviti \u0107e se naknadno. O prijedlozima akata vezanim uz to\u010dku 1. i 3. u tijeku je javno savjetovanje, te \u0107e se izvje\u0161\u0107e o provedenom javnom savjetovanju dostaviti naknadno.<\/p>\n\n\n\n<p> Sukladno \u010dlanku 63. Poslovnika Op\u0107inskog vije\u0107a Op\u0107ine Matulji na predlo\u017eeni dnevni red mo\u017ee se podnijeti pisani prigovor najkasnije do 05.06.2023. godine.<\/p>\n\n\n\n<p>Eventualni amandmani na to\u010dke dnevnog reda, sukladno \u010dlanku 38. Poslovnika Op\u0107inskog vije\u0107a Op\u0107ine Matulji, mogu se podnijeti u pisanom obliku uz obrazlo\u017eenje najkasnije&nbsp;<strong>3 dana prije odr\u017eavanja sjednice<\/strong>.<\/p>\n\n\n\n<p>Kompletne materijale preuzmite <strong><a href=\"https:\/\/matulji.hr\/portal\/wp-content\/uploads\/2023\/06\/pozivza22_sjednicuopinskogvijea2.zip\">OVJDE<\/a><\/strong>. <\/p>\n\n\n\n<p>OP\u0106INSKO VIJE\u0106E OP\u0106INE MATULJI<\/p>\n\n\n\n<p>Predsjednik Op\u0107inskog vije\u0107a<strong><br>Slobodan Jura\u010di\u0107<\/strong><\/p>\n","protected":false},"excerpt":{"rendered":"<p>Na temelju \u010dlanka 34. stavka 1. to\u010dka 3. Statuta Op\u0107ine Matulji (\u201eSlu\u017ebene novine Primorsko- goranske \u017eupanije\u201c broj, 26\/09 , 38\/09, 17\/14. 29\/14, 4\/15 \u2013 pro\u010di\u0161\u0107eni tekst 39\/15, 07\/18, 6\/21 i 23\/21), S a z i v a m 22. sjednicu Op\u0107inskog vije\u0107a Op\u0107ine Matulji,&nbsp;koja \u0107e se odr\u017eati dana&nbsp;06.06.2023. godine&nbsp;(utorak) s po\u010detkom u&nbsp;17.00 sati&nbsp;u vije\u0107nici Op\u0107ine Matulji Za sjednicu se predla\u017ee slijede\u0107i Dnevni red: Izvjestitelji: Zamjenik op\u0107inskog na\u010delnika Eduard Ba\u0107i\u0107 i Zapovjednik Javne vatrogasne postrojbe Opatija Igor Ravni\u0107 Izvjestitelj Zapovjednik Javne vatrogasne postrojbe Opatija Igor Ravni\u0107, Izvjestitelji: Zamjenik op\u0107inskog na\u010delnika Eduard&#8230; <\/p>\n","protected":false},"author":3,"featured_media":8756,"comment_status":"closed","ping_status":"","sticky":false,"template":"","format":"standard","meta":{"footnotes":""},"categories":[9,3,8],"tags":[],"class_list":["post-9841","post","type-post","status-publish","format-standard","has-post-thumbnail","hentry","category-izdvojeno","category-novosti","category-sjednice"],"_links":{"self":[{"href":"https:\/\/matulji.hr\/portal\/wp-json\/wp\/v2\/posts\/9841","targetHints":{"allow":["GET"]}}],"collection":[{"href":"https:\/\/matulji.hr\/portal\/wp-json\/wp\/v2\/posts"}],"about":[{"href":"https:\/\/matulji.hr\/portal\/wp-json\/wp\/v2\/types\/post"}],"author":[{"embeddable":true,"href":"https:\/\/matulji.hr\/portal\/wp-json\/wp\/v2\/users\/3"}],"replies":[{"embeddable":true,"href":"https:\/\/matulji.hr\/portal\/wp-json\/wp\/v2\/comments?post=9841"}],"version-history":[{"count":3,"href":"https:\/\/matulji.hr\/portal\/wp-json\/wp\/v2\/posts\/9841\/revisions"}],"predecessor-version":[{"id":9854,"href":"https:\/\/matulji.hr\/portal\/wp-json\/wp\/v2\/posts\/9841\/revisions\/9854"}],"wp:featuredmedia":[{"embeddable":true,"href":"https:\/\/matulji.hr\/portal\/wp-json\/wp\/v2\/media\/8756"}],"wp:attachment":[{"href":"https:\/\/matulji.hr\/portal\/wp-json\/wp\/v2\/media?parent=9841"}],"wp:term":[{"taxonomy":"category","embeddable":true,"href":"https:\/\/matulji.hr\/portal\/wp-json\/wp\/v2\/categories?post=9841"},{"taxonomy":"post_tag","embeddable":true,"href":"https:\/\/matulji.hr\/portal\/wp-json\/wp\/v2\/tags?post=9841"}],"curies":[{"name":"wp","href":"https:\/\/api.w.org\/{rel}","templated":true}]}}