{"id":9790,"date":"2023-05-22T20:55:00","date_gmt":"2023-05-22T19:55:00","guid":{"rendered":"https:\/\/matulji.hr\/portal\/?p=9790"},"modified":"2023-05-22T20:55:00","modified_gmt":"2023-05-22T19:55:00","slug":"odrzana-svecana-skupstina-povodom-40-godisnjice-osnutka-dobrovoljnog-vatrogasnog-drustva-kras","status":"publish","type":"post","link":"https:\/\/matulji.hr\/portal\/odrzana-svecana-skupstina-povodom-40-godisnjice-osnutka-dobrovoljnog-vatrogasnog-drustva-kras\/","title":{"rendered":"ODR\u017dANA SVE\u010cANA SKUP\u0160TINA POVODOM 40. GODI\u0160NJICE OSNUTKA DOBROVOLJNOG VATROGASNOG DRU\u0160TVA \u201eKRAS\u201c"},"content":{"rendered":"\n<p>U Vatrogasnom trening centru \u0160apjane pro\u0161le je subote, 20. svibnja odr\u017eana sve\u010dana skup\u0161tina povodom 40. godi\u0161njice osnutka Dobrovoljnog vatrogasnog dru\u0161tva \u201eKras\u201c \u0160apjane. Kako je u izvje\u0161\u0107u o radu napomenula predsjednica DVD-a \u201eKras\u201c <strong>Lorena Laslavi\u0107<\/strong>, DVD je osnovan 12. srpnja 1983. godine na inicijativu nekolicine mje\u0161tana \u0160apjana, Pasjaka, Brca, Rupe i Lipe:<\/p>\n\n\n\n<p>\u2013 <strong>Dru\u0161tvo je osnovano s ciljem za\u0161tite od po\u017eara, s obzirom je ba\u0161 u ovim objektima gdje se sad nalazimo JNA skladi\u0161tila gorivo i lako zapaljive teku\u0107ine te je postojala velika opasnost za na\u0161 kraj <\/strong>\u2013 rekla je <strong>Lorena Laslavi\u0107<\/strong> napominju\u0107i kako je DVD u po\u010detku djelovao u izuzetno skromnim uvjetima, no danas je to DVD koji se mo\u017ee pohvaliti s 87 aktivnih \u010dlanova i osam suvremenih vozila, \u0161to intervencijskih, \u0161to onih namijenjenih prijevozu vatrogasaca. Ono \u0161to posebno veseli je brojno \u010dlanstvo vatrogasne mlade\u017ei, njih \u010dak tridesetak koji posti\u017eu odli\u010dne rezultate na natjecanjima i koji \u0107e zasigurno nastaviti dobru praksu rada DVD-a.<\/p>\n\n\n\n<p>Prisutne je pozdravio i na\u010delnik Op\u0107ine Matulji <strong>Vedran Kinkela<\/strong> te se zahvalio na izvrsnoj suradnji i po\u017eelio DVD-u puno uspjeha u daljnjem radu. U ime Hrvatske vatrogasne zajednice, \u010destitke na visokoj obljetnici prenio je pomo\u0107nik&nbsp;vatrogasnog&nbsp;zapovjednika za logistiku <strong>Gordan Filini\u0107<\/strong>, dok predsjednik Vatrogasne zajednice Primorsko-goranske \u017eupanije <strong>Slavko Gau\u0161<\/strong> nije krio zadovoljstvo prisustvom velikog broja gostiju iz javnih vatrogasnih postrojbi te DVD-ova, kako susjednih, tako i iz kontinentalne Hrvatske (bratsko dru\u0161tvo Stubi\u010dka Slatina, Repu\u0161nica i Brestovac), ali i Slovenije:<\/p>\n\n\n\n<p>\u2013 <strong>Veliko mi je zadovoljstvo \u0161to su prisutni i na\u0161i susjedi Slovenci, dokaz je to odli\u010dne suradnje te dobre komunikacije me\u0111u dru\u0161tvima!<\/strong><\/p>\n\n\n\n<p>Osvrnuo se i na izgradnju Vatrogasnog trening centra \u0160apjane: <strong>\u2013<\/strong> <strong>Izgradnja ovog poligona bila je kvalitetan potez i jo\u0161 jednom se zahvaljujem svima koji su u tome sudjelovali<\/strong> \u2013 rekao je <strong>Gau\u0161<\/strong> i izrazio \u017ealjenje \u0161to je pritom izostala podr\u0161ka dr\u017eave, odnosno Hrvatske vatrogasne zajednice.<\/p>\n\n\n\n<p>Zapovjednik Javne vatrogasne postrojbe Opatija i zapovjednik Podru\u010dne vatrogasne zajednice Liburnije <strong>Igor Ravni\u0107<\/strong> tako\u0111er se zahvalio na suradnji isti\u010du\u0107i kako je DVD Kras jedna od va\u017enijih karika u operativnim i preventivnim vatrogasnim aktivnostima ovoga kraja, a posebno je pohvalio njihov rad s vatrogasnom mlade\u017ei, koji je poslu\u017eio kao poticaj drugim DVD-ovima poput Sisola i Lovrana u anga\u017emanu s mladima.<\/p>\n\n\n\n<p>Zamjenik zapovjednika Javne vatrogasne postrojbe Rijeka i predsjednik DVD-a Klana <strong>Dario Gau\u0161 <\/strong>istaknuo je DVD Kras kao kvalitetnog partnera u protupo\u017earnim akcijama, a posebno se zahvalio u ime DVD-a Klana napominju\u0107i kako \u201ebez DVD-a &#8216;Kras&#8217; \u0160apjane ne bi bilo niti obnove vatrogasnog doma u Klani\u201c.<\/p>\n\n\n\n<p>\u010cestitke su uputili i uspje\u0161an daljnji rad po\u017eeljeli predstavnici prisutnih DVD-ova, gasilskih zveza i Lova\u010dko dru\u0161tvo \u201eSrnda\u0107\u201c Permani.<\/p>\n\n\n\n<p>Na sve\u010danoj sjednici uru\u010dene su spomenice \u010dlanovima DVD-a za aktivan rad u Dru\u0161tvu, pa je zapovjednik <strong>Ravni\u0107<\/strong> uru\u010dio spomenice za 10 godina rada u dru\u0161tvu sljede\u0107im \u010dlanovima: <strong>Ana-Marija Afri\u0107<\/strong>, <strong>Vlatka Cuculi\u0107<\/strong>, <strong>Ines De Bona<\/strong>, <strong>Natali De Bona<\/strong>, <strong>Daria Dori\u010di\u0107<\/strong>, <strong>Dajana \u0110eki\u0107<\/strong>, <strong>Damjan \u0110eki\u0107<\/strong>, <strong>Anabella Petru\u0161i\u0107 Gates<\/strong>, <strong>Duje Pavi\u010di\u0107<\/strong>, <strong>Katarina Pavi\u010di\u0107<\/strong>, <strong>Luka Pavi\u010di\u0107<\/strong> i <strong>Ema \u0160ustar<\/strong>. Spomenicu za 20 godina rada u dru\u0161tvu dobili su <strong>Igor Smajila<\/strong> i <strong>Vojko Turkovi\u0107<\/strong>. Za 30 godina aktivnog rada u Dru\u0161tvu spomenice je dodijelio zapovjednik Vatrogasne zajednice Primorsko-goranske \u017eupanije <strong>Mladen \u0160\u0107ulac<\/strong>, a primili su ih <strong>Tomislav Hosi<\/strong> i <strong>Darko Juri\u010di\u0107<\/strong>, dok su spomenice za visokih 40 godina aktivnog sudjelovanja u radu dru\u0161tva primili <strong>Arsen Afri\u0107<\/strong>, <strong>Branko Afri\u0107<\/strong>, <strong>Stojan Afri\u0107<\/strong>, <strong>Josip Bratovi\u0107<\/strong>, <strong>Florijan Cergonja<\/strong>, <strong>Du\u0161an Juri\u010di\u0107<\/strong>, <strong>Gordan Juri\u010di\u0107<\/strong>, <strong>\u0110uljano Paulovi\u0107<\/strong>, <strong>Renato Sgomba<\/strong> i <strong>Silvio Surina<\/strong>.<\/p>\n\n\n\n<p>Srebrne vatrogasne medalje za poseban doprinos za\u0161titi od po\u017eara i vatrogastvu iz ruku predsjednika VZPG\u017d-a <strong>Slavka Gau\u0161a<\/strong> primili su sljede\u0107i \u010dlanovi: <strong>Stojan Afri\u0107<\/strong>, <strong>Ivan Bratovi\u0107<\/strong>, <strong>Nejc Juri\u010di\u0107<\/strong>, <strong>Andrej Grbac<\/strong>, <strong>Lorena Laslavi\u0107<\/strong>, <strong>Dario Peloza<\/strong>, <strong>Igor Smajila<\/strong>, <strong>Sandi Surina<\/strong>, <strong>Silvio Surina<\/strong>, <strong>\u017deljko Uj\u010di\u0107<\/strong> i <strong>Bo\u017eo Vukovi\u0107<\/strong>.<\/p>\n\n\n\n<p>Predsjednica Lorena Laslavi\u0107 uru\u010dila je zahvalnice za dugogodi\u0161nju potporu u radu Dru\u0161tva i razvoju vatrogastva <strong>Op\u0107ini Matulji<\/strong>, <strong>Vatrogasnoj zajednici Primorsko-goranske \u017eupanije<\/strong> i <strong>Podru\u010dnoj vatrogasnoj zajednici Liburnije<\/strong>; priznanja za dugogodi\u0161nju suradnju i sudjelovanje u razvoju Dru\u0161tva <strong>DVD-u Klana<\/strong>, <strong>DVD-u Stubi\u010dka Slatina<\/strong>, <strong>DVD-u Repu\u0161nica<\/strong>, <strong>DVD-u Brestovac<\/strong> i <strong>Gasilskoj Zvezi Ilirska Bistrica<\/strong>; za poseban doprinos u razvoju i radu dru\u0161tva <strong>Florijanu Cergonja<\/strong> i <strong>Silviju Surina<\/strong>; za dugogodi\u0161nji rad sa djecom i mlade\u017ei <strong>Ivani Bratovi\u0107<\/strong>; te za zalaganje i rad sa vatrogasnim potra\u017enim psima <strong>Sandiju Surini s potra\u017enim psom Lyn<\/strong>, dok je <strong>Silvio Surina<\/strong> uru\u010dio to isto priznanje <strong>Loreni Laslavi\u0107<\/strong> <strong>s potra\u017enim psom Sparkyjem<\/strong>.<\/p>\n\n\n\n<p>DVD \u201eKras\u201c \u0160apjane odnedavno je \u201epoja\u010dano\u201c sa \u0161est novih dobrovoljnih vatrogaskinja koje su obuku u trening centru zavr\u0161ile tijekom travnja: <strong>Ana-Marija Afri\u0107<\/strong>, <strong>Ines De Bona<\/strong>, <strong>Nina Jur\u010di\u0107<\/strong>, <strong>Nensi Juri\u010di\u0107<\/strong>, <strong>Katarina Pavi\u010di\u0107<\/strong> i <strong>Ema \u0160ustar<\/strong>, a \u010detiri su \u010dlana polo\u017eila i za voditelje vatrogasne mlade\u017ei: <strong>Ines De Bona<\/strong>, <strong>Katarina Pavi\u010di\u0107<\/strong>, <strong>Luka Pavi\u010di\u0107<\/strong> i <strong>Ema \u0160ustar<\/strong>.<\/p>\n\n\n\n<p>Sve\u010dani je dan ovjekovje\u010den zajedni\u010dkom fotografijom te nastavljen zajedni\u010dkim dru\u017eenjem uz prigodni domjenak.<\/p>\n","protected":false},"excerpt":{"rendered":"<p>U Vatrogasnom trening centru \u0160apjane pro\u0161le je subote, 20. svibnja odr\u017eana sve\u010dana skup\u0161tina povodom 40. godi\u0161njice osnutka Dobrovoljnog vatrogasnog dru\u0161tva \u201eKras\u201c \u0160apjane. Kako je u izvje\u0161\u0107u o radu napomenula predsjednica DVD-a \u201eKras\u201c Lorena Laslavi\u0107, DVD je osnovan 12. srpnja 1983. godine na inicijativu nekolicine mje\u0161tana \u0160apjana, Pasjaka, Brca, Rupe i Lipe: \u2013 Dru\u0161tvo je osnovano s ciljem za\u0161tite od po\u017eara, s obzirom je ba\u0161 u ovim objektima gdje se sad nalazimo JNA skladi\u0161tila gorivo i lako zapaljive teku\u0107ine te je postojala velika opasnost za na\u0161 kraj \u2013 rekla je Lorena&#8230; <\/p>\n","protected":false},"author":3,"featured_media":9789,"comment_status":"closed","ping_status":"","sticky":false,"template":"","format":"standard","meta":{"footnotes":""},"categories":[3],"tags":[],"class_list":["post-9790","post","type-post","status-publish","format-standard","has-post-thumbnail","hentry","category-novosti"],"_links":{"self":[{"href":"https:\/\/matulji.hr\/portal\/wp-json\/wp\/v2\/posts\/9790","targetHints":{"allow":["GET"]}}],"collection":[{"href":"https:\/\/matulji.hr\/portal\/wp-json\/wp\/v2\/posts"}],"about":[{"href":"https:\/\/matulji.hr\/portal\/wp-json\/wp\/v2\/types\/post"}],"author":[{"embeddable":true,"href":"https:\/\/matulji.hr\/portal\/wp-json\/wp\/v2\/users\/3"}],"replies":[{"embeddable":true,"href":"https:\/\/matulji.hr\/portal\/wp-json\/wp\/v2\/comments?post=9790"}],"version-history":[{"count":1,"href":"https:\/\/matulji.hr\/portal\/wp-json\/wp\/v2\/posts\/9790\/revisions"}],"predecessor-version":[{"id":9791,"href":"https:\/\/matulji.hr\/portal\/wp-json\/wp\/v2\/posts\/9790\/revisions\/9791"}],"wp:featuredmedia":[{"embeddable":true,"href":"https:\/\/matulji.hr\/portal\/wp-json\/wp\/v2\/media\/9789"}],"wp:attachment":[{"href":"https:\/\/matulji.hr\/portal\/wp-json\/wp\/v2\/media?parent=9790"}],"wp:term":[{"taxonomy":"category","embeddable":true,"href":"https:\/\/matulji.hr\/portal\/wp-json\/wp\/v2\/categories?post=9790"},{"taxonomy":"post_tag","embeddable":true,"href":"https:\/\/matulji.hr\/portal\/wp-json\/wp\/v2\/tags?post=9790"}],"curies":[{"name":"wp","href":"https:\/\/api.w.org\/{rel}","templated":true}]}}