{"id":9299,"date":"2022-12-02T19:39:51","date_gmt":"2022-12-02T18:39:51","guid":{"rendered":"https:\/\/matulji.hr\/portal\/?p=9299"},"modified":"2022-12-02T19:39:51","modified_gmt":"2022-12-02T18:39:51","slug":"16-sjednica-opcinskog-vijeca-opcine-matulji-3","status":"publish","type":"post","link":"https:\/\/matulji.hr\/portal\/16-sjednica-opcinskog-vijeca-opcine-matulji-3\/","title":{"rendered":"<strong>16. SJEDNICA OP\u0106INSKOG VIJE\u0106A OP\u0106INE MATULJI<\/strong>"},"content":{"rendered":"\n<p>Na temelju \u010dlanka 34. stavka 1. to\u010dka 3. Statuta Op\u0107ine Matulji (\u201eSlu\u017ebene novine Primorsko- goranske \u017eupanije\u201c, broj: 26\/09, 38\/09, 17\/14, 29\/14, 4\/15\u2013pro\u010di\u0161\u0107eni tekst, 39\/15, 7\/18, 6\/21 i 23\/21),<\/p>\n\n\n\n<p class=\"has-text-align-center\"><strong>S a z i v a m<\/strong><\/p>\n\n\n\n<p class=\"has-text-align-center\"><strong>16. sjednicu Op\u0107inskog vije\u0107a Op\u0107ine Matulji,&nbsp;<\/strong>koja \u0107e se odr\u017eati dana&nbsp;<strong>13.12.2022. godine<\/strong>&nbsp;(utorak) s po\u010detkom u&nbsp;<strong>17.00 sati&nbsp;u vije\u0107nici Op\u0107ine Matulji<\/strong><\/p>\n\n\n\n<p>Za sjednicu se predla\u017ee slijede\u0107i Dnevni red:<\/p>\n\n\n\n<ol class=\"wp-block-list\">\n<li><em><strong>Prijedlog Prora\u010duna Op\u0107ine Matulji za 2023. godinu i projekcija za 2024. i 2025. godinu &#8211; prvo \u010ditanje<\/strong><\/em><\/li>\n<\/ol>\n\n\n\n<p>Izvjestitelji: Op\u0107inski na\u010delnik Vedran Kinkela, V.D. pro\u010delnika Jedinstvenog upravnog odjela Smiljana Veselinovi\u0107 i Voditeljica Odsjeka za prora\u010dun i financije Andrea Brumnjak<\/p>\n\n\n\n<ol class=\"wp-block-list\" start=\"2\">\n<li><em><strong>Prijedlog Programa gra\u0111enja komunalne infrastrukture za 2023. godinu &#8211; prvo \u010ditanje<\/strong><\/em><\/li>\n<\/ol>\n\n\n\n<p>Izvjestitelji: Op\u0107inski na\u010delnik Vedran Kinkela, V.D. pro\u010delnika Jedinstvenog upravnog odjela Smiljana Veselinovi\u0107 i Voditelj Odsjeka za komunalni sustav i prostorno planiranje Ronald Puhari\u0107<\/p>\n\n\n\n<ol class=\"wp-block-list\" start=\"3\">\n<li><em><strong>Prijedlog Programa odr\u017eavanja komunalne infrastrukture za 2023. godinu &#8211; prvo \u010ditanje<\/strong><\/em><\/li>\n<\/ol>\n\n\n\n<p>Izvjestitelji: Op\u0107inski na\u010delnik Vedran Kinkela, V.D. pro\u010delnika Jedinstvenog upravnog odjela Smiljana Veselinovi\u0107 i Voditelj Odsjeka za komunalni sustav i prostorno planiranje Ronald Puhari\u0107<\/p>\n\n\n\n<ol class=\"wp-block-list\" start=\"4\">\n<li><em><strong>Prijedlog Odluke o porezima Op\u0107ine Matulji<\/strong><\/em><\/li>\n<\/ol>\n\n\n\n<p>Izvjestitelji: Op\u0107inski na\u010delnik Vedran Kinkela, V.D. pro\u010delnika Jedinstvenog upravnog odjela Smiljana Veselinovi\u0107 i Voditeljica Odsjeka za prora\u010dun i financije Andrea Brumnjak<\/p>\n\n\n\n<p>Sukladno \u010dlanku 63. Poslovnika Op\u0107inskog vije\u0107a Op\u0107ine Matulji na predlo\u017eeni dnevni red mo\u017ee se podnijeti pisani prigovor najkasnije do 12.12.2022.godine.<\/p>\n\n\n\n<p>Eventualni amandmani na to\u010dke dnevnog reda, sukladno \u010dlanku 38. Poslovnika Op\u0107inskog vije\u0107a Op\u0107ine Matulji, mogu se podnijeti u pisanom obliku uz obrazlo\u017eenje najkasnije&nbsp;<strong>3 dana prije odr\u017eavanja sjednice<\/strong>.<\/p>\n\n\n\n<p><\/p>\n\n\n\n<p>Kompletan materijal za <a href=\"https:\/\/matulji.hr\/portal\/wp-content\/uploads\/2022\/12\/16.-sjednica-Opcinskog-vijeca-2022.zip\">16. sjednicu preuzmite OVJDE<\/a>. <\/p>\n\n\n\n<p class=\"has-text-align-right\">OP\u0106INSKO VIJE\u0106E OP\u0106INE MATULJI<\/p>\n\n\n\n<p class=\"has-text-align-right\">Predsjednik Op\u0107inskog vije\u0107a<strong><br>Slobodan Jura\u010di\u0107<\/strong><\/p>\n","protected":false},"excerpt":{"rendered":"<p>Na temelju \u010dlanka 34. stavka 1. to\u010dka 3. Statuta Op\u0107ine Matulji (\u201eSlu\u017ebene novine Primorsko- goranske \u017eupanije\u201c, broj: 26\/09, 38\/09, 17\/14, 29\/14, 4\/15\u2013pro\u010di\u0161\u0107eni tekst, 39\/15, 7\/18, 6\/21 i 23\/21), S a z i v a m 16. sjednicu Op\u0107inskog vije\u0107a Op\u0107ine Matulji,&nbsp;koja \u0107e se odr\u017eati dana&nbsp;13.12.2022. godine&nbsp;(utorak) s po\u010detkom u&nbsp;17.00 sati&nbsp;u vije\u0107nici Op\u0107ine Matulji Za sjednicu se predla\u017ee slijede\u0107i Dnevni red: Izvjestitelji: Op\u0107inski na\u010delnik Vedran Kinkela, V.D. pro\u010delnika Jedinstvenog upravnog odjela Smiljana Veselinovi\u0107 i Voditeljica Odsjeka za prora\u010dun i financije Andrea Brumnjak Izvjestitelji: Op\u0107inski na\u010delnik Vedran Kinkela, V.D. pro\u010delnika Jedinstvenog upravnog&#8230; <\/p>\n","protected":false},"author":3,"featured_media":8756,"comment_status":"closed","ping_status":"","sticky":false,"template":"","format":"standard","meta":{"footnotes":""},"categories":[3,8],"tags":[],"class_list":["post-9299","post","type-post","status-publish","format-standard","has-post-thumbnail","hentry","category-novosti","category-sjednice"],"_links":{"self":[{"href":"https:\/\/matulji.hr\/portal\/wp-json\/wp\/v2\/posts\/9299","targetHints":{"allow":["GET"]}}],"collection":[{"href":"https:\/\/matulji.hr\/portal\/wp-json\/wp\/v2\/posts"}],"about":[{"href":"https:\/\/matulji.hr\/portal\/wp-json\/wp\/v2\/types\/post"}],"author":[{"embeddable":true,"href":"https:\/\/matulji.hr\/portal\/wp-json\/wp\/v2\/users\/3"}],"replies":[{"embeddable":true,"href":"https:\/\/matulji.hr\/portal\/wp-json\/wp\/v2\/comments?post=9299"}],"version-history":[{"count":1,"href":"https:\/\/matulji.hr\/portal\/wp-json\/wp\/v2\/posts\/9299\/revisions"}],"predecessor-version":[{"id":9300,"href":"https:\/\/matulji.hr\/portal\/wp-json\/wp\/v2\/posts\/9299\/revisions\/9300"}],"wp:featuredmedia":[{"embeddable":true,"href":"https:\/\/matulji.hr\/portal\/wp-json\/wp\/v2\/media\/8756"}],"wp:attachment":[{"href":"https:\/\/matulji.hr\/portal\/wp-json\/wp\/v2\/media?parent=9299"}],"wp:term":[{"taxonomy":"category","embeddable":true,"href":"https:\/\/matulji.hr\/portal\/wp-json\/wp\/v2\/categories?post=9299"},{"taxonomy":"post_tag","embeddable":true,"href":"https:\/\/matulji.hr\/portal\/wp-json\/wp\/v2\/tags?post=9299"}],"curies":[{"name":"wp","href":"https:\/\/api.w.org\/{rel}","templated":true}]}}