{"id":7768,"date":"2021-11-25T16:54:44","date_gmt":"2021-11-25T14:54:44","guid":{"rendered":"http:\/\/matulji.hr\/pocetna\/?p=7768"},"modified":"2021-11-25T16:54:44","modified_gmt":"2021-11-25T14:54:44","slug":"3-sjednica-opcinskog-vijeca-opcine-matulji-4","status":"publish","type":"post","link":"https:\/\/matulji.hr\/portal\/3-sjednica-opcinskog-vijeca-opcine-matulji-4\/","title":{"rendered":"3. SJEDNICA OP\u0106INSKOG VIJE\u0106A OP\u0106INE MATULJI"},"content":{"rendered":"<p><a href=\"https:\/\/matulji.hr\/pocetna\/wp-content\/uploads\/2013\/12\/sjednica_vijeca.jpg\"><img loading=\"lazy\" decoding=\"async\" class=\"alignleft size-medium wp-image-609\" src=\"http:\/\/matulji.hr\/pocetna\/wp-content\/uploads\/2013\/12\/sjednica_vijeca-300x160.jpg\" alt=\"\" width=\"300\" height=\"160\" \/><\/a>REPUBLIKA HRVATSKA<br \/>\nPRIMORSKO-GORANSKA \u017dUPANIJA<br \/>\nOP\u0106INA MATULJI<br \/>\nKLASA: 021-05\/21-01\/0018<br \/>\nURBROJ. 2156-04-01-01\/21-0001<br \/>\nU Matuljima 25.studenoga 2021.godine<br \/>\nNa temelju \u010dlanka 34. stavka 1. to\u010dka 3. Statuta Op\u0107ine Matulji (\u201eSlu\u017ebene novine Primorsko- goranske \u017eupanije\u201c, broj: 26\/09 , 38\/09, 17\/14. 29\/14, 4\/15 \u2013 pro\u010di\u0161\u0107eni tekst 39\/15, 07\/18, 6\/21 i 23\/21),<br \/>\n<strong>\u00a0<\/strong><\/p>\n<p style=\"text-align: center;\"><strong>S a z i v a m<\/strong><\/p>\n<p style=\"text-align: center;\"><strong>\u00a0<\/strong><\/p>\n<ol start=\"3\">\n<li style=\"text-align: center;\"><strong> sjednicu Op\u0107inskog vije\u0107a Op\u0107ine Matulji, <\/strong>koja \u0107e se odr\u017eati dana <strong>07. prosinca 2021. godine<\/strong> (utorak) s po\u010detkom u <strong>17.00 sati <\/strong><strong>u \u0161kolskoj sportskoj dvorani u Matuljima<\/strong>.<\/li>\n<\/ol>\n<p>&nbsp;<br \/>\n<!--more--><\/p>\n<p style=\"text-align: center;\">\u00a0\u00a0\u00a0\u00a0\u00a0\u00a0\u00a0\u00a0\u00a0\u00a0\u00a0 Za sjednicu se predla\u017ee slijede\u0107i Dnevni red:<\/p>\n<p>&nbsp;<\/p>\n<ol>\n<li><strong><em>Prijedlog Prora\u010duna Op\u0107ine Matulji za 2022.godinu te Projekcije za 2023. i 2024.godinu \u2013 prvo \u010ditanje<\/em><\/strong><\/li>\n<\/ol>\n<p><em>Izvjestitelji: Op\u0107inski na\u010delnik Vedran Kinkela i Pro\u010delnik Jedinstvenog upravnog odjela Danijel Jerman<\/em><br \/>\n<em>\u00a0<\/em><\/p>\n<ol start=\"2\">\n<li><strong><em>Prijedlog Programa gra\u0111enja komunalne infrastrukture za 2022.godinu \u2013 prvo \u010ditanje<\/em><\/strong><\/li>\n<\/ol>\n<p><em>Izvjestitelji: Op\u0107inski na\u010delnik Vedran Kinkela, Voditelj odsjeka za komunalni sustav i prostorno ure\u0111enje Ronald Puhari\u0107<\/em><br \/>\n<em>\u00a0<\/em><\/p>\n<ol start=\"3\">\n<li><strong><em>Prijedlog Programa odr\u017eavanja komunalne infrastrukture za 2022.godinu \u2013 prvo \u010ditanje<\/em><\/strong><\/li>\n<\/ol>\n<p><em>Izvjestitelji: Op\u0107inski na\u010delnik Vedran Kinkela, Pro\u010delnik Jedinstvenog upravnog odjela Danijel Jerman<\/em><br \/>\n<em>\u00a0<\/em><\/p>\n<ol start=\"4\">\n<li><strong><em>Zaklju\u010dak o po\u010detku pripremnih radnji za dodjelu koncesije za obavljanje uslu\u017ene komunalne djelatnosti &#8211; obavljanje dimnja\u010darskih poslova na podru\u010dju Op\u0107ine Matulji<\/em><\/strong><\/li>\n<\/ol>\n<p><em>Izvjestitelj: Pro\u010delnik Jedinstvenog upravnog odjela Danijel Jerman<\/em><br \/>\n<em>\u00a0<\/em><br \/>\nSukladno \u010dlanku 63. Poslovnika Op\u0107inskog vije\u0107a Op\u0107ine Matulji na predlo\u017eeni dnevni red mo\u017ee se podnijeti pisani prigovor najkasnije do 06.prosinca 2021.godine.<br \/>\nEventualni amandmani na to\u010dke dnevnog reda, sukladno \u010dlanku 38. Poslovnika Op\u0107inskog vije\u0107a Op\u0107ine Matulji, mogu se podnijeti u pisanom obliku uz obrazlo\u017eenje najkasnije <strong>3 dana prije odr\u017eavanja sjednice<\/strong>.<br \/>\nMaterijale za sjednicu preuzmite <a href=\"http:\/\/mail.matulji.hr\/spremanje\/materijali_za_3.sjednicu.zip\">OVDJE<\/a>.<\/p>\n<p style=\"text-align: right;\">OP\u0106INSKO VIJE\u0106E OP\u0106INE MATULJI<\/p>\n<p style=\"text-align: right;\">Predsjednik Op\u0107inskog vije\u0107a<strong><br \/>\nSlobodan Jura\u010di\u0107<\/strong><\/p>\n<p><strong>\u00a0<\/strong><\/p>\n","protected":false},"excerpt":{"rendered":"<p>REPUBLIKA HRVATSKA PRIMORSKO-GORANSKA \u017dUPANIJA OP\u0106INA MATULJI KLASA: 021-05\/21-01\/0018 URBROJ. 2156-04-01-01\/21-0001 U Matuljima 25.studenoga 2021.godine Na temelju \u010dlanka 34. stavka 1. to\u010dka 3. Statuta Op\u0107ine Matulji (\u201eSlu\u017ebene novine Primorsko- goranske \u017eupanije\u201c, broj: 26\/09 , 38\/09, 17\/14. 29\/14, 4\/15 \u2013 pro\u010di\u0161\u0107eni tekst 39\/15, 07\/18, 6\/21 i 23\/21), \u00a0 S a z i v a m \u00a0 sjednicu Op\u0107inskog vije\u0107a Op\u0107ine Matulji, koja \u0107e se odr\u017eati dana 07. prosinca 2021. godine (utorak) s po\u010detkom u 17.00 sati u \u0161kolskoj sportskoj dvorani u Matuljima. &nbsp;<\/p>\n","protected":false},"author":2,"featured_media":0,"comment_status":"closed","ping_status":"closed","sticky":false,"template":"","format":"standard","meta":{"footnotes":""},"categories":[3,8],"tags":[],"class_list":["post-7768","post","type-post","status-publish","format-standard","hentry","category-novosti","category-sjednice"],"_links":{"self":[{"href":"https:\/\/matulji.hr\/portal\/wp-json\/wp\/v2\/posts\/7768","targetHints":{"allow":["GET"]}}],"collection":[{"href":"https:\/\/matulji.hr\/portal\/wp-json\/wp\/v2\/posts"}],"about":[{"href":"https:\/\/matulji.hr\/portal\/wp-json\/wp\/v2\/types\/post"}],"author":[{"embeddable":true,"href":"https:\/\/matulji.hr\/portal\/wp-json\/wp\/v2\/users\/2"}],"replies":[{"embeddable":true,"href":"https:\/\/matulji.hr\/portal\/wp-json\/wp\/v2\/comments?post=7768"}],"version-history":[{"count":0,"href":"https:\/\/matulji.hr\/portal\/wp-json\/wp\/v2\/posts\/7768\/revisions"}],"wp:attachment":[{"href":"https:\/\/matulji.hr\/portal\/wp-json\/wp\/v2\/media?parent=7768"}],"wp:term":[{"taxonomy":"category","embeddable":true,"href":"https:\/\/matulji.hr\/portal\/wp-json\/wp\/v2\/categories?post=7768"},{"taxonomy":"post_tag","embeddable":true,"href":"https:\/\/matulji.hr\/portal\/wp-json\/wp\/v2\/tags?post=7768"}],"curies":[{"name":"wp","href":"https:\/\/api.w.org\/{rel}","templated":true}]}}