{"id":7766,"date":"2021-11-24T19:09:35","date_gmt":"2021-11-24T17:09:35","guid":{"rendered":"http:\/\/matulji.hr\/pocetna\/?p=7766"},"modified":"2021-11-24T19:09:35","modified_gmt":"2021-11-24T17:09:35","slug":"prilog-o-provedbi-projekta-mobilna-terenska-jedinica-za-starije-osobe-u-opcini-matulji","status":"publish","type":"post","link":"https:\/\/matulji.hr\/portal\/prilog-o-provedbi-projekta-mobilna-terenska-jedinica-za-starije-osobe-u-opcini-matulji\/","title":{"rendered":"PRILOG O PROVEDBI PROJEKTA \u201eMOBILNA TERENSKA JEDINICA ZA STARIJE OSOBE U OP\u0106INI MATULJI\u201c"},"content":{"rendered":"<p align=\"justify\"><span style=\"color: #222222;\"><span style=\"font-size: medium;\"><a href=\"https:\/\/matulji.hr\/pocetna\/wp-content\/uploads\/2021\/09\/mobilna-terenska-jedinica-matulj-1.jpg\"><img loading=\"lazy\" decoding=\"async\" class=\"alignleft size-medium wp-image-7507\" src=\"http:\/\/matulji.hr\/pocetna\/wp-content\/uploads\/2021\/09\/mobilna-terenska-jedinica-matulj-1-300x200.jpg\" alt=\"\" width=\"300\" height=\"200\" \/><\/a>Op\u0107ina Matulji provodi projekt pod nazivom <\/span><\/span><span style=\"color: #222222;\"><span style=\"font-size: medium;\"><i><b>\u201eMobilna terenska jedinica za starije osobe u Op\u0107ini Matulji\u201c <\/b><\/i><\/span><\/span><span style=\"color: #222222;\"><span style=\"font-size: medium;\">sufinanciranog sredstvima Europske unije iz Europskog socijalnog fonda ukupne vrijednosti <\/span><\/span><span style=\"color: #222222;\"><span style=\"font-size: medium;\"><b>945.380,00 Kn, intenziteta potpore od 100%. <\/b><\/span><\/span><!--more--><\/p>\n<p align=\"justify\"><span style=\"color: #222222;\"><span style=\"font-size: medium;\">Projektom je formirana <\/span><\/span><span style=\"font-size: medium;\">mobilna terenska jedinica <\/span><span style=\"font-size: medium;\">na podru\u010dju Op\u0107ine Matulji za pru\u017eanje psihosocijalne i psihofizi\u010dke podr\u0161ke osobama starijim od 65 godina, oboljelim ili u riziku od oboljenja od bolesti demencije s naglaskom na Alzheimerovu bolest kroz <\/span><span style=\"font-size: medium;\">educiranje i bolju informiranost populacije s ciljem podizanja svijesti o simptomima, tijeku i lije\u010denju bolesti te s ciljem njezinog ranog otkrivanja, informiranja o rizi\u010dnim \u010dimbenicima koji pogoduju nastanku bolesti, ubla\u017eavanja simptoma i napretka bolesti te prevencije <\/span><span style=\"font-size: medium;\">kao i pru\u017eanje psihosocijalne podr\u0161ke obiteljima oboljelih osoba od demencije.<\/span><\/p>\n<p align=\"justify\"><span style=\"font-size: medium;\">Zainteresirane korisnike koji \u017eele ostvariti ovu vrstu socijalne usluge pozivamo da se obrate Op\u0107ini Matulji.<\/span><\/p>\n<p align=\"justify\"><span style=\"font-size: medium;\"><b>Snimljeni prilog o projektu i na\u010dinu rada mobilne terenske jedinice pogledajte na poveznici <\/b><\/span><span style=\"color: #0563c1;\"><u><a href=\"https:\/\/youtu.be\/dCKjADtV8e0%20\/\"><span style=\"font-size: medium;\">https:\/\/youtu.be\/dCKjADtV8e0 \/<\/span><\/a><\/u><\/span><\/p>\n","protected":false},"excerpt":{"rendered":"<p>Op\u0107ina Matulji provodi projekt pod nazivom \u201eMobilna terenska jedinica za starije osobe u Op\u0107ini Matulji\u201c sufinanciranog sredstvima Europske unije iz Europskog socijalnog fonda ukupne vrijednosti 945.380,00 Kn, intenziteta potpore od 100%.<\/p>\n","protected":false},"author":2,"featured_media":0,"comment_status":"closed","ping_status":"closed","sticky":false,"template":"","format":"standard","meta":{"footnotes":""},"categories":[3],"tags":[],"class_list":["post-7766","post","type-post","status-publish","format-standard","hentry","category-novosti"],"_links":{"self":[{"href":"https:\/\/matulji.hr\/portal\/wp-json\/wp\/v2\/posts\/7766","targetHints":{"allow":["GET"]}}],"collection":[{"href":"https:\/\/matulji.hr\/portal\/wp-json\/wp\/v2\/posts"}],"about":[{"href":"https:\/\/matulji.hr\/portal\/wp-json\/wp\/v2\/types\/post"}],"author":[{"embeddable":true,"href":"https:\/\/matulji.hr\/portal\/wp-json\/wp\/v2\/users\/2"}],"replies":[{"embeddable":true,"href":"https:\/\/matulji.hr\/portal\/wp-json\/wp\/v2\/comments?post=7766"}],"version-history":[{"count":0,"href":"https:\/\/matulji.hr\/portal\/wp-json\/wp\/v2\/posts\/7766\/revisions"}],"wp:attachment":[{"href":"https:\/\/matulji.hr\/portal\/wp-json\/wp\/v2\/media?parent=7766"}],"wp:term":[{"taxonomy":"category","embeddable":true,"href":"https:\/\/matulji.hr\/portal\/wp-json\/wp\/v2\/categories?post=7766"},{"taxonomy":"post_tag","embeddable":true,"href":"https:\/\/matulji.hr\/portal\/wp-json\/wp\/v2\/tags?post=7766"}],"curies":[{"name":"wp","href":"https:\/\/api.w.org\/{rel}","templated":true}]}}