{"id":771,"date":"2015-01-13T15:42:32","date_gmt":"2015-01-13T15:42:32","guid":{"rendered":"http:\/\/matulji.hr\/pocetna\/?p=771"},"modified":"2015-01-13T15:42:32","modified_gmt":"2015-01-13T15:42:32","slug":"javni-natjecaj-za-prikupljanje-ponuda-fizickih-osoba-za-subvencioniranje-projekata-poticanja-koristenja-obnovljivih-izvora-energije-u-obiteljskim-kucama-zelena-energija-u-mom-domu-na","status":"publish","type":"post","link":"https:\/\/matulji.hr\/portal\/javni-natjecaj-za-prikupljanje-ponuda-fizickih-osoba-za-subvencioniranje-projekata-poticanja-koristenja-obnovljivih-izvora-energije-u-obiteljskim-kucama-zelena-energija-u-mom-domu-na\/","title":{"rendered":"Javni natje\u010daj za prikupljanje ponuda fizi\u010dkih osoba za subvencioniranje projekata poticanja kori\u0161tenja obnovljivih izvora energije u obiteljskim ku\u0107ama \u201eZelena energija u mom domu\u201c na podru\u010dju Op\u0107ine Matulji \u2013 drugi krug"},"content":{"rendered":"<p>Op\u0107ina Matulji u suradnji s Fondom za za\u0161titu okoli\u0161a i energetsku u\u010dinkovitost i Primorsko &#8211; goranskom \u017eupanijom raspisuje drugi krug Javnog natje\u010daja za prikupljanje ponuda fizi\u010dkih osoba za subvencioniranje projekata poticanja kori\u0161tenja obnovljivih izvora energije u obiteljskim ku\u0107ama \u201eZelena energija u mom domu\u201c na podru\u010dju Op\u0107ine Matulji. <!--more-->Javni poziv je otvoren do 13.2.2015. godine.<br \/>\nPRILOZI:<br \/>\n1. \u00a0 <a href=\"https:\/\/matulji.hr\/downloads\/pravilnik_zelena_energija_mom_domu_2014_2015.docx\">\u00a0Pravilnik &#8211; Zelena energija u mom domu 2014.<\/a><br \/>\n2. \u00a0 \u00a0<a href=\"https:\/\/matulji.hr\/downloads\/natjecaj_zelena_energija_mom_domu_2014_2015.doc\">Natje\u010daj &#8211; Zelena energija u mom domu 2014.<\/a><br \/>\n3. \u00a0 \u00a0<a href=\"https:\/\/matulji.hr\/downloads\/prijavni_obrazac_fizicke_osobe_zelena_energija_mom_domu_2014_2015.docx\">Prijavni obrazac za fizi\u010dke osobe &#8211; Zelena energija u mom domu 2014.<\/a><\/p>\n","protected":false},"excerpt":{"rendered":"<p>Op\u0107ina Matulji u suradnji s Fondom za za\u0161titu okoli\u0161a i energetsku u\u010dinkovitost i Primorsko &#8211; goranskom \u017eupanijom raspisuje drugi krug Javnog natje\u010daja za prikupljanje ponuda fizi\u010dkih osoba za subvencioniranje projekata poticanja kori\u0161tenja obnovljivih izvora energije u obiteljskim ku\u0107ama \u201eZelena energija u mom domu\u201c na podru\u010dju Op\u0107ine Matulji.<\/p>\n","protected":false},"author":2,"featured_media":0,"comment_status":"closed","ping_status":"closed","sticky":false,"template":"","format":"standard","meta":{"footnotes":""},"categories":[7,3],"tags":[],"class_list":["post-771","post","type-post","status-publish","format-standard","hentry","category-natjecaji","category-novosti"],"_links":{"self":[{"href":"https:\/\/matulji.hr\/portal\/wp-json\/wp\/v2\/posts\/771","targetHints":{"allow":["GET"]}}],"collection":[{"href":"https:\/\/matulji.hr\/portal\/wp-json\/wp\/v2\/posts"}],"about":[{"href":"https:\/\/matulji.hr\/portal\/wp-json\/wp\/v2\/types\/post"}],"author":[{"embeddable":true,"href":"https:\/\/matulji.hr\/portal\/wp-json\/wp\/v2\/users\/2"}],"replies":[{"embeddable":true,"href":"https:\/\/matulji.hr\/portal\/wp-json\/wp\/v2\/comments?post=771"}],"version-history":[{"count":0,"href":"https:\/\/matulji.hr\/portal\/wp-json\/wp\/v2\/posts\/771\/revisions"}],"wp:attachment":[{"href":"https:\/\/matulji.hr\/portal\/wp-json\/wp\/v2\/media?parent=771"}],"wp:term":[{"taxonomy":"category","embeddable":true,"href":"https:\/\/matulji.hr\/portal\/wp-json\/wp\/v2\/categories?post=771"},{"taxonomy":"post_tag","embeddable":true,"href":"https:\/\/matulji.hr\/portal\/wp-json\/wp\/v2\/tags?post=771"}],"curies":[{"name":"wp","href":"https:\/\/api.w.org\/{rel}","templated":true}]}}