{"id":7701,"date":"2021-10-28T01:28:40","date_gmt":"2021-10-27T23:28:40","guid":{"rendered":"http:\/\/matulji.hr\/pocetna\/?p=7701"},"modified":"2021-10-28T01:28:40","modified_gmt":"2021-10-27T23:28:40","slug":"obavijest-o-promjeni-voznog-reda-2","status":"publish","type":"post","link":"https:\/\/matulji.hr\/portal\/obavijest-o-promjeni-voznog-reda-2\/","title":{"rendered":"OBAVIJEST O PROMJENI VOZNOG REDA"},"content":{"rendered":"<p><a href=\"https:\/\/matulji.hr\/pocetna\/wp-content\/uploads\/2015\/08\/obavijest_matulji.jpg\"><img loading=\"lazy\" decoding=\"async\" class=\"alignleft size-medium wp-image-802\" src=\"http:\/\/matulji.hr\/pocetna\/wp-content\/uploads\/2015\/08\/obavijest_matulji-300x158.jpg\" alt=\"\" width=\"300\" height=\"158\" \/><\/a>KD Autotrolej u idu\u0107em tjednu, od 1. do 5. studenog 2021. godine, prijevoz \u0107e obavljati sukladno voznom redu \u201cbez \u0161kole\u201d. Naime, ova odluka proiza\u0161la je iz \u010dinjenice kako tijekom idu\u0107eg tjedna nema nastave u osnovnim i srednjim \u0161kolama, odnosno u utorak i srijedu (2. i 3. studenog 2021. godine) su jesenski \u0161kolski praznici, dok \u0107e se u \u010detvrtak i petak, (4. i 5. studenog 2021. godine), sukladno odluci Vlade RH, nastava odvijati on line.<!--more--><br \/>\nVozne redove Vam ne dostavljamo, obzirom je u postoje\u0107im voznim redovima jasno nazna\u010deno koje vo\u017enje ne prometuju dok nema nastave, uklju\u010duju\u0107i i BIS polaske na liniji 32.<br \/>\nU ponedjeljak, 8. studenog 2021. godine, ukoliko se ne donese nova odluka o odvijanju nastave, na snagu ponovno stupa redovni vozni red \u201cza vrijeme \u0161kole\u201d.<br \/>\nOva obavijest bit \u0107e objavljena na web stranici www.autotrolej.hr, te molimo da i Vi obavijestite svoje mje\u0161tane putem Va\u0161ih slu\u017ebenih web stranica.<\/p>\n","protected":false},"excerpt":{"rendered":"<p>KD Autotrolej u idu\u0107em tjednu, od 1. do 5. studenog 2021. godine, prijevoz \u0107e obavljati sukladno voznom redu \u201cbez \u0161kole\u201d. Naime, ova odluka proiza\u0161la je iz \u010dinjenice kako tijekom idu\u0107eg tjedna nema nastave u osnovnim i srednjim \u0161kolama, odnosno u utorak i srijedu (2. i 3. studenog 2021. godine) su jesenski \u0161kolski praznici, dok \u0107e se u \u010detvrtak i petak, (4. i 5. studenog 2021. godine), sukladno odluci Vlade RH, nastava odvijati on line.<\/p>\n","protected":false},"author":2,"featured_media":0,"comment_status":"closed","ping_status":"closed","sticky":false,"template":"","format":"standard","meta":{"footnotes":""},"categories":[3],"tags":[],"class_list":["post-7701","post","type-post","status-publish","format-standard","hentry","category-novosti"],"_links":{"self":[{"href":"https:\/\/matulji.hr\/portal\/wp-json\/wp\/v2\/posts\/7701","targetHints":{"allow":["GET"]}}],"collection":[{"href":"https:\/\/matulji.hr\/portal\/wp-json\/wp\/v2\/posts"}],"about":[{"href":"https:\/\/matulji.hr\/portal\/wp-json\/wp\/v2\/types\/post"}],"author":[{"embeddable":true,"href":"https:\/\/matulji.hr\/portal\/wp-json\/wp\/v2\/users\/2"}],"replies":[{"embeddable":true,"href":"https:\/\/matulji.hr\/portal\/wp-json\/wp\/v2\/comments?post=7701"}],"version-history":[{"count":0,"href":"https:\/\/matulji.hr\/portal\/wp-json\/wp\/v2\/posts\/7701\/revisions"}],"wp:attachment":[{"href":"https:\/\/matulji.hr\/portal\/wp-json\/wp\/v2\/media?parent=7701"}],"wp:term":[{"taxonomy":"category","embeddable":true,"href":"https:\/\/matulji.hr\/portal\/wp-json\/wp\/v2\/categories?post=7701"},{"taxonomy":"post_tag","embeddable":true,"href":"https:\/\/matulji.hr\/portal\/wp-json\/wp\/v2\/tags?post=7701"}],"curies":[{"name":"wp","href":"https:\/\/api.w.org\/{rel}","templated":true}]}}