{"id":7685,"date":"2021-10-25T22:59:47","date_gmt":"2021-10-25T20:59:47","guid":{"rendered":"http:\/\/matulji.hr\/pocetna\/?p=7685"},"modified":"2021-10-25T22:59:47","modified_gmt":"2021-10-25T20:59:47","slug":"2-sjednica-opcinskog-vijeca-opcine-matulji-3","status":"publish","type":"post","link":"https:\/\/matulji.hr\/portal\/2-sjednica-opcinskog-vijeca-opcine-matulji-3\/","title":{"rendered":"2. SJEDNICA OP\u0106INSKOG VIJE\u0106A OP\u0106INE MATULJI"},"content":{"rendered":"<p><a href=\"https:\/\/matulji.hr\/pocetna\/wp-content\/uploads\/2013\/12\/sjednica_vijeca.jpg\"><img loading=\"lazy\" decoding=\"async\" class=\"alignleft size-medium wp-image-609\" src=\"http:\/\/matulji.hr\/pocetna\/wp-content\/uploads\/2013\/12\/sjednica_vijeca-300x160.jpg\" alt=\"\" width=\"300\" height=\"160\" \/><\/a>REPUBLIKA HRVATSKA<br \/>\nPRIMORSKO-GORANSKA \u017dUPANIJA<br \/>\nOP\u0106INA MATULJI<br \/>\nKLASA: 021-05\/21-01\/0016<br \/>\nURBROJ. 2156-04-01-01\/21-0003<br \/>\nU Matuljima 25. listopada 2021.godine<\/p>\n<p style=\"text-align: center;\"><!--more-->Na temelju \u010dlanka 34. stavka 1. to\u010dka 3. Statuta Op\u0107ine Matulji (\u201eSlu\u017ebene novine Primorsko- goranske \u017eupanije\u201c, broj: 26\/09 , 38\/09, 17\/14. 29\/14, 4\/15 \u2013 pro\u010di\u0161\u0107eni tekst 39\/15, 07\/18, 6\/21 i 23\/21),<\/p>\n<p class=\"western\" align=\"center\"><b>S a z i v a m<\/b><\/p>\n<p class=\"western\" align=\"justify\"><b>2. sjednicu Op\u0107inskog vije\u0107a Op\u0107ine Matulji, <\/b>koja \u0107e se odr\u017eati dana <b>04. studenoga 2021. godine<\/b> (\u010detvrtak) s po\u010detkom u <b>17.00 sati <\/b><b>u \u0161kolskoj sportskoj dvorani u Matuljima<\/b>.<!--more--><\/p>\n<p class=\"western\">Za sjednicu se predla\u017ee slijede\u0107i Dnevni red:<\/p>\n<ol>\n<li>\n<p align=\"justify\"><i><b>Izbor i imenovanje \u010dlanova radnih tijela Op\u0107inskog vije\u0107a Op\u0107ine Matulji<\/b><\/i><\/p>\n<\/li>\n<\/ol>\n<ol start=\"2\">\n<li>\n<p align=\"justify\"><i><b>II. Izmjene Prora\u010duna Op\u0107ine Matulji za 2021.godinu<\/b><\/i><\/p>\n<\/li>\n<\/ol>\n<p class=\"western\" align=\"justify\"><a name=\"_Hlk84152484\"><\/a> <i>Izvjestitelji: Op\u0107inski na\u010delnik Vedran Kinkela i Pro\u010delnik Jedinstvenog upravnog odjela Danijel Jerman<\/i><\/p>\n<ol start=\"3\">\n<li>\n<p align=\"justify\"><i><b>II. Izmjene Plana razvojnih programa Op\u0107ine Matulji za razdoblje 2021. \u2013 2023.godine<\/b><\/i><\/p>\n<\/li>\n<\/ol>\n<p class=\"western\" align=\"justify\"><i>Izvjestitelji: Op\u0107inski na\u010delnik Vedran Kinkela i Pro\u010delnik Jedinstvenog upravnog odjela Danijel Jerman<\/i><\/p>\n<p class=\"western\" align=\"justify\"><a name=\"_Hlk85537525\"><\/a><\/p>\n<ol start=\"4\">\n<li>\n<p align=\"justify\"><i><b>Odluka o izmjenama Odluke o izvr\u0161avanju Prora\u010duna Op\u0107ine Matulji za 2021.godinu<\/b><\/i><\/p>\n<\/li>\n<\/ol>\n<p class=\"western\" align=\"justify\"><i>Izvjestitelji: Op\u0107inski na\u010delnik Vedran Kinkela i Pro\u010delnik Jedinstvenog upravnog odjela Danijel Jerman<\/i><\/p>\n<p class=\"western\" align=\"justify\"><a name=\"_Hlk84152205\"><\/a><\/p>\n<ol start=\"5\">\n<li>\n<p align=\"justify\"><i><b>Izmjene Programa gra\u0111enja komunalne infrastrukture za 2021.godinu<\/b><\/i><\/p>\n<\/li>\n<\/ol>\n<p class=\"western\" align=\"justify\"><i>Izvjestitelji: Op\u0107inski na\u010delnik Vedran Kinkela, Voditelj odsjeka za komunalni sustav i prostorno ure\u0111enje Ronald Puhari\u0107<\/i><\/p>\n<ol start=\"6\">\n<li>\n<p align=\"justify\"><i><b>Izmjene Programa odr\u017eavanja komunalne infrastrukture za 2021.godinu<\/b><\/i><\/p>\n<\/li>\n<\/ol>\n<p class=\"western\" align=\"justify\"><i>Izvjestitelji: Op\u0107inski na\u010delnik Vedran Kinkela, Voditelj odsjeka za komunalni sustav i prostorno ure\u0111enje Ronald Puhari\u0107<\/i><\/p>\n<ol start=\"7\">\n<li>\n<p align=\"justify\"><i><b>Odluka o uvjetima i mjerilima za utvr\u0111ivanje cijene provedbe programa pred\u0161kolskog odgoja i obrazovanja Ustanove Dje\u010dji vrti\u0107 Matulji te naplatu usluga od krajnjih korisnika<\/b><\/i><\/p>\n<\/li>\n<\/ol>\n<p align=\"justify\"><i>Izvjestitelji: Op\u0107inski na\u010delnik Vedran Kinkela i Pro\u010delnik Jedinstvenog upravnog odjela Danijel Jerman<\/i><\/p>\n<ol start=\"8\">\n<li>\n<p align=\"justify\"><i><b>Odluka o kriterijima za ostvarivanje prava na sufinanciranje tro\u0161kova programa pred\u0161kolskog odgoja i obrazovanja u ustanovama drugih osniva\u010da te u obrtima na podru\u010dju Primorsko goranske \u017eupanije<\/b><\/i><\/p>\n<\/li>\n<\/ol>\n<p align=\"justify\"><i>Izvjestitelj: Pro\u010delnik Jedinstvenog upravnog odjela Danijel Jerman<\/i><\/p>\n<ol start=\"9\">\n<li>\n<p align=\"justify\"><i><b>Odluka o izmjenama i dopunama Odluke o javnim i po\u010dasnim priznanjima Op\u0107ine Matulji<\/b><\/i><\/p>\n<\/li>\n<\/ol>\n<p class=\"western\" align=\"justify\"><i>Izvjestitelji: Op\u0107inski na\u010delnik Vedran Kinkela i Pro\u010delnik Jedinstvenog upravnog odjela Danijel Jerman<\/i><\/p>\n<ol start=\"10\">\n<li>\n<p align=\"justify\"><i><b>Odluka o izmjenama i dopunama Odluke o komunalnom doprinosu<\/b><\/i><\/p>\n<\/li>\n<\/ol>\n<p class=\"western\" align=\"justify\"><i>Izvjestitelji: Op\u0107inski na\u010delnik Vedran Kinkela i Pro\u010delnik Jedinstvenog upravnog odjela Danijel Jerman<\/i><\/p>\n<p class=\"western\" align=\"justify\"><a name=\"_Hlk57034743\"><\/a><\/p>\n<ol start=\"11\">\n<li>\n<p align=\"justify\"><i><b>Odluka o izmjenama i dopunama Odluke komunalnom redu Op\u0107ine Matulji<\/b><\/i><\/p>\n<\/li>\n<\/ol>\n<p class=\"western\" align=\"justify\"><a name=\"_Hlk84152867\"><\/a> <i>Izvjestitelj: Pro\u010delnik Jedinstvenog upravnog odjela Danijel Jerman<\/i><\/p>\n<ol start=\"12\">\n<li><i><b>Odluka o prijenosu imovine na Osnovnu \u0161kolu Dr.Andrija Mohorovi\u010di\u0107 Matulji<\/b><\/i><\/li>\n<\/ol>\n<p class=\"western\" align=\"justify\"><i>Izvjestitelj: Pro\u010delnik Jedinstvenog upravnog odjela Danijel Jerman<\/i><\/p>\n<p class=\"western\" align=\"justify\"><a name=\"_Hlk80602198\"><\/a><\/p>\n<ol start=\"13\">\n<li>\n<p align=\"justify\"><a name=\"_Hlk81567611\"><\/a> <i><b>Zaklju\u010dak o davanju pokroviteljstva po zamolbi Lova\u010dkog dru\u0161tva Lisjak Kastav<\/b><\/i><\/p>\n<\/li>\n<\/ol>\n<p class=\"western\" align=\"justify\"><i>Izvjestitelj: Predsjednik Op\u0107inskog vije\u0107a Slobodan Jura\u010di\u0107<\/i><\/p>\n<p class=\"western\" align=\"justify\"><a name=\"_Hlk52949303\"><\/a><a name=\"_Hlk52949588\"><\/a><\/p>\n<p class=\"western\">Sukladno \u010dlanku 63. Poslovnika Op\u0107inskog vije\u0107a Op\u0107ine Matulji na predlo\u017eeni dnevni red mo\u017ee se podnijeti pisani prigovor najkasnije do 03.studenoga 2021.godine.<\/p>\n<p class=\"western\" align=\"justify\">Eventualni amandmani na to\u010dke dnevnog reda, sukladno \u010dlanku 38. Poslovnika Op\u0107inskog vije\u0107a Op\u0107ine Matulji, mogu se podnijeti u pisanom obliku uz obrazlo\u017eenje najkasnije <b>3 dana prije odr\u017eavanja sjednice<\/b>.<\/p>\n<p align=\"center\"><span style=\"color: #000000;\"><span style=\"font-size: small;\">OP\u0106INSKO VIJE\u0106E OP\u0106INE MATULJI<\/span><\/span><\/p>\n<p align=\"center\"><span style=\"color: #000000;\"><span style=\"font-size: small;\">Predsjednik Op\u0107inskog vije\u0107a<\/span><\/span><span style=\"color: #000000;\"><span style=\"font-size: small;\"><b><br \/>\nSlobodan Jura\u010di\u0107<\/b><\/span><\/span><\/p>\n<p>Kompletne materijale za sjednicu preuzmite <a href=\"https:\/\/matulji.hr\/pocetna\/wp-content\/uploads\/2021\/10\/re1_sjednicaopinskogvijeapoziv.zip\">OVJDE<\/a>.<br \/>\n&nbsp;<\/p>\n<p align=\"center\">OP\u0106INSKO VIJE\u0106E OP\u0106INE MATULJI<\/p>\n<p align=\"center\">Predsjednik Op\u0107inskog vije\u0107a<b><br \/>\nSlobodan Jura\u010di\u0107<\/b><\/p>\n","protected":false},"excerpt":{"rendered":"<p>REPUBLIKA HRVATSKA PRIMORSKO-GORANSKA \u017dUPANIJA OP\u0106INA MATULJI KLASA: 021-05\/21-01\/0016 URBROJ. 2156-04-01-01\/21-0003 U Matuljima 25. listopada 2021.godine<\/p>\n","protected":false},"author":2,"featured_media":0,"comment_status":"closed","ping_status":"closed","sticky":false,"template":"","format":"standard","meta":{"footnotes":""},"categories":[3,8],"tags":[],"class_list":["post-7685","post","type-post","status-publish","format-standard","hentry","category-novosti","category-sjednice"],"_links":{"self":[{"href":"https:\/\/matulji.hr\/portal\/wp-json\/wp\/v2\/posts\/7685","targetHints":{"allow":["GET"]}}],"collection":[{"href":"https:\/\/matulji.hr\/portal\/wp-json\/wp\/v2\/posts"}],"about":[{"href":"https:\/\/matulji.hr\/portal\/wp-json\/wp\/v2\/types\/post"}],"author":[{"embeddable":true,"href":"https:\/\/matulji.hr\/portal\/wp-json\/wp\/v2\/users\/2"}],"replies":[{"embeddable":true,"href":"https:\/\/matulji.hr\/portal\/wp-json\/wp\/v2\/comments?post=7685"}],"version-history":[{"count":0,"href":"https:\/\/matulji.hr\/portal\/wp-json\/wp\/v2\/posts\/7685\/revisions"}],"wp:attachment":[{"href":"https:\/\/matulji.hr\/portal\/wp-json\/wp\/v2\/media?parent=7685"}],"wp:term":[{"taxonomy":"category","embeddable":true,"href":"https:\/\/matulji.hr\/portal\/wp-json\/wp\/v2\/categories?post=7685"},{"taxonomy":"post_tag","embeddable":true,"href":"https:\/\/matulji.hr\/portal\/wp-json\/wp\/v2\/tags?post=7685"}],"curies":[{"name":"wp","href":"https:\/\/api.w.org\/{rel}","templated":true}]}}