{"id":7681,"date":"2021-10-25T22:51:55","date_gmt":"2021-10-25T20:51:55","guid":{"rendered":"http:\/\/matulji.hr\/pocetna\/?p=7681"},"modified":"2021-10-25T22:51:55","modified_gmt":"2021-10-25T20:51:55","slug":"javni-poziv-za-prijavu-djece-za-poklon-povodom-bozicnih-blagdana","status":"publish","type":"post","link":"https:\/\/matulji.hr\/portal\/javni-poziv-za-prijavu-djece-za-poklon-povodom-bozicnih-blagdana\/","title":{"rendered":"JAVNI POZIV ZA PRIJAVU DJECE ZA POKLON POVODOM  BO\u017dI\u0106NIH BLAGDANA"},"content":{"rendered":"<p class=\"western\" align=\"justify\"><span style=\"font-family: Arial, serif;\"><a href=\"https:\/\/matulji.hr\/pocetna\/wp-content\/uploads\/2015\/08\/obavijest_matulji.jpg\"><img loading=\"lazy\" decoding=\"async\" class=\"alignleft size-medium wp-image-802\" src=\"http:\/\/matulji.hr\/pocetna\/wp-content\/uploads\/2015\/08\/obavijest_matulji-300x158.jpg\" alt=\"\" width=\"300\" height=\"158\" \/><\/a>Op\u0107ina Matulji poziva sve roditelje djece pred\u0161kolske dobi (od navr\u0161ene prve godine do polaska u \u0161kolu) s prebivali\u0161tem na podru\u010dju Op\u0107ine Matulji koja <\/span><span style=\"font-family: Arial, serif;\"><u><b>ne poha\u0111aju Dje\u010dji vrti\u0107 Matulji, kao ni njegove podru\u010dne odjele<\/b><\/u><\/span><span style=\"font-family: Arial, serif;\"> da prijave svoje dijete za poklon povodom bo\u017ei\u0107nih blagdana. <\/span><!--more--><\/p>\n<p class=\"western\" align=\"justify\"><span style=\"font-family: Arial, serif;\">Obrazac prijave podnosi se <\/span><span style=\"font-family: Arial, serif;\"><b>ONLINE<\/b><\/span><span style=\"font-family: Arial, serif;\"> putem: <\/span><\/p>\n<ul>\n<li><span style=\"color: #0000ff;\"><u><span style=\"font-family: Arial, serif;\">Rok za podno\u0161enje prijava je istekao<\/span><\/u><\/span><\/li>\n<\/ul>\n<p class=\"western\" align=\"justify\"><span style=\"font-family: Arial, serif;\">POTVRDA za preuzimanje poklona dostavlja se roditeljima tako\u0111er online. Potvrdu je potrebno isprintati ili imati sa sobom pohranjenu na mobitelu prilikom preuzimanja poklona. <\/span><\/p>\n<p class=\"western\" align=\"justify\"><span style=\"font-family: Arial, serif;\">Rok za prijavu je do <\/span><span style=\"font-family: Arial, serif;\"><b>12.<\/b><\/span><span style=\"font-family: Arial, serif;\"><b>11.2021.<\/b><\/span><\/p>\n<p class=\"western\" align=\"justify\"><span style=\"font-family: Arial, serif;\">O na\u010dinu preuzimanja poklona roditelji \u0107e biti naknadno obavije\u0161teni. <\/span><\/p>\n<p class=\"western\" align=\"justify\"><span style=\"font-family: Arial, serif;\">Op\u0107ina Matulji svoj djeci \u017eeli puno radosti i veselja povodom bo\u017ei\u0107nih blagdana.<\/span><\/p>\n<p class=\"western\" align=\"justify\"><span style=\"font-family: Arial, serif;\">OP\u0106INA MATULJI<\/span><\/p>\n","protected":false},"excerpt":{"rendered":"<p>Op\u0107ina Matulji poziva sve roditelje djece pred\u0161kolske dobi (od navr\u0161ene prve godine do polaska u \u0161kolu) s prebivali\u0161tem na podru\u010dju Op\u0107ine Matulji koja ne poha\u0111aju Dje\u010dji vrti\u0107 Matulji, kao ni njegove podru\u010dne odjele da prijave svoje dijete za poklon povodom bo\u017ei\u0107nih blagdana.<\/p>\n","protected":false},"author":2,"featured_media":0,"comment_status":"closed","ping_status":"closed","sticky":false,"template":"","format":"standard","meta":{"footnotes":""},"categories":[3],"tags":[],"class_list":["post-7681","post","type-post","status-publish","format-standard","hentry","category-novosti"],"_links":{"self":[{"href":"https:\/\/matulji.hr\/portal\/wp-json\/wp\/v2\/posts\/7681","targetHints":{"allow":["GET"]}}],"collection":[{"href":"https:\/\/matulji.hr\/portal\/wp-json\/wp\/v2\/posts"}],"about":[{"href":"https:\/\/matulji.hr\/portal\/wp-json\/wp\/v2\/types\/post"}],"author":[{"embeddable":true,"href":"https:\/\/matulji.hr\/portal\/wp-json\/wp\/v2\/users\/2"}],"replies":[{"embeddable":true,"href":"https:\/\/matulji.hr\/portal\/wp-json\/wp\/v2\/comments?post=7681"}],"version-history":[{"count":0,"href":"https:\/\/matulji.hr\/portal\/wp-json\/wp\/v2\/posts\/7681\/revisions"}],"wp:attachment":[{"href":"https:\/\/matulji.hr\/portal\/wp-json\/wp\/v2\/media?parent=7681"}],"wp:term":[{"taxonomy":"category","embeddable":true,"href":"https:\/\/matulji.hr\/portal\/wp-json\/wp\/v2\/categories?post=7681"},{"taxonomy":"post_tag","embeddable":true,"href":"https:\/\/matulji.hr\/portal\/wp-json\/wp\/v2\/tags?post=7681"}],"curies":[{"name":"wp","href":"https:\/\/api.w.org\/{rel}","templated":true}]}}