{"id":7660,"date":"2021-10-22T13:00:49","date_gmt":"2021-10-22T11:00:49","guid":{"rendered":"http:\/\/matulji.hr\/pocetna\/?p=7660"},"modified":"2021-10-22T13:00:49","modified_gmt":"2021-10-22T11:00:49","slug":"otvoren-novouredeni-prostor-u-domu-rukavac","status":"publish","type":"post","link":"https:\/\/matulji.hr\/portal\/otvoren-novouredeni-prostor-u-domu-rukavac\/","title":{"rendered":"OTVOREN NOVOURE\u0110ENI PROSTOR U DOMU RUKAVAC"},"content":{"rendered":"<p><a href=\"https:\/\/matulji.hr\/pocetna\/wp-content\/uploads\/2021\/10\/dom-rukavac-umirovljenici-6.jpg\"><img loading=\"lazy\" decoding=\"async\" class=\"alignleft size-medium wp-image-7666\" src=\"http:\/\/matulji.hr\/pocetna\/wp-content\/uploads\/2021\/10\/dom-rukavac-umirovljenici-6-300x201.jpg\" alt=\"\" width=\"300\" height=\"201\" \/><\/a>U petak 22.10.2021. u Domu Rukavac predstavnici Op\u0107ine Matulji, na\u010delnik Vedran Kinkela i zamjenik na\u010delnika Eduard Ba\u0107i\u0107, zajedno s predstavnicima Udruge umirovljenika i starijih osoba Op\u0107ine Matulji, predsjednicom Udruge g\u0111om. Sonjom Vlah i voditeljicom programskih aktivnosti u Udruzi g\u0111om. Anom Jantolek, javnosti su prezentirali novoure\u0111eni prostor financiran sredstvima Op\u0107ine u sklopu Doma Rukavac. <!--more--><br \/>\n<a href=\"https:\/\/matulji.hr\/pocetna\/wp-content\/uploads\/2021\/10\/dom-rukavac-umirovljenici-5.jpg\"><img loading=\"lazy\" decoding=\"async\" class=\"alignright size-medium wp-image-7665\" src=\"http:\/\/matulji.hr\/pocetna\/wp-content\/uploads\/2021\/10\/dom-rukavac-umirovljenici-5-300x201.jpg\" alt=\"\" width=\"300\" height=\"201\" \/><\/a>Prostor \u0107e najvi\u0161e koristiti Udruga umirovljenika za svoje brojne svakodnevne aktivnosti koje provodi ili planira provoditi i koje su najve\u0107im dijelom sufinancirane sredstvima Europske unije iz Europskog socijalnog fonda u sklopu projekta &#8221;Aktivni umirovljenici \u2013 dugovje\u010dni stanovnici&#8221;. Cilj projekta je ve\u0107a socijalna uklju\u010denost umirovljenika u dru\u0161tveni \u017eivot zajednice koja se mo\u017ee ostvariti na mjestima poput ovog gdje se umirovljenici mogu svakodnevno okupljati, dru\u017eiti, provoditi razne zajedni\u010dki aktivnosti samostalno i sa drugim aktivnim \u010dlanovima dru\u0161tvene zajednice.<br \/>\n<a href=\"https:\/\/matulji.hr\/pocetna\/wp-content\/uploads\/2021\/10\/dom-rukavac-umirovljenici-4.jpg\"><img loading=\"lazy\" decoding=\"async\" class=\"alignleft size-medium wp-image-7664\" src=\"http:\/\/matulji.hr\/pocetna\/wp-content\/uploads\/2021\/10\/dom-rukavac-umirovljenici-4-300x201.jpg\" alt=\"\" width=\"300\" height=\"201\" \/><\/a>Ure\u0111eni i prikladnom opremom i namje\u0161tajem opremljeni prostor koji se Udruzi stavlja na raspolaganje uklju\u010duje dvije velike prostorije za razli\u010dite svakodnevne aktivnosti korisnika prostora, potpuno opremljenu novu kuhinju i sanitarne \u010dvorove.<br \/>\nUdruga umirovljenika koja broji veliki broj \u010dlanova i koja ve\u0107 sada provodi veliki broj aktivnosti za svoje \u010dlanove, od jezi\u010dnih, plesnih, kreativnih, psihoterapijskih radionica, dnevnih tjelovje\u017ebi, te\u010daja joge, do organizacije izleta, kulturno-umjetni\u010dkih ve\u010deri, piknika, predavanja, kao i sudjelovanja u raznim doga\u0111anjima i manifestacijama u organizaciji Op\u0107ine.<br \/>\n<a href=\"https:\/\/matulji.hr\/pocetna\/wp-content\/uploads\/2021\/10\/dom-rukavac-umirovljenici-2.jpg\"><img loading=\"lazy\" decoding=\"async\" class=\"alignright size-medium wp-image-7662\" src=\"http:\/\/matulji.hr\/pocetna\/wp-content\/uploads\/2021\/10\/dom-rukavac-umirovljenici-2-300x201.jpg\" alt=\"\" width=\"300\" height=\"201\" \/><\/a>Ure\u0111enjem ovog prostora i stavljanjem na raspolaganje za kori\u0161tenje omogu\u0107uje se dodatno podizanje standarda u dru\u0161tvenom okupljanju kako umirovljenika tako i cjelokupne dru\u0161tvene zajednice. Kako bi se to u potpunosti i postiglo Udruga u suradnji s Op\u0107inom kontinuirano radi na aktivnom uklju\u010divanju svih zainteresiranih u projektne aktivnosti.<br \/>\n<a href=\"https:\/\/matulji.hr\/pocetna\/wp-content\/uploads\/2021\/10\/dom-rukavac-umirovljenici-3.jpg\"><img loading=\"lazy\" decoding=\"async\" class=\"aligncenter size-full wp-image-7663\" src=\"http:\/\/matulji.hr\/pocetna\/wp-content\/uploads\/2021\/10\/dom-rukavac-umirovljenici-3.jpg\" alt=\"\" width=\"600\" height=\"401\" \/><\/a><br \/>\nU Matuljima, 22.10.2021.<br \/>\nOp\u0107ina Matulji<\/p>\n","protected":false},"excerpt":{"rendered":"<p>U petak 22.10.2021. u Domu Rukavac predstavnici Op\u0107ine Matulji, na\u010delnik Vedran Kinkela i zamjenik na\u010delnika Eduard Ba\u0107i\u0107, zajedno s predstavnicima Udruge umirovljenika i starijih osoba Op\u0107ine Matulji, predsjednicom Udruge g\u0111om. Sonjom Vlah i voditeljicom programskih aktivnosti u Udruzi g\u0111om. Anom Jantolek, javnosti su prezentirali novoure\u0111eni prostor financiran sredstvima Op\u0107ine u sklopu Doma Rukavac.<\/p>\n","protected":false},"author":2,"featured_media":0,"comment_status":"closed","ping_status":"closed","sticky":false,"template":"","format":"standard","meta":{"footnotes":""},"categories":[3],"tags":[],"class_list":["post-7660","post","type-post","status-publish","format-standard","hentry","category-novosti"],"_links":{"self":[{"href":"https:\/\/matulji.hr\/portal\/wp-json\/wp\/v2\/posts\/7660","targetHints":{"allow":["GET"]}}],"collection":[{"href":"https:\/\/matulji.hr\/portal\/wp-json\/wp\/v2\/posts"}],"about":[{"href":"https:\/\/matulji.hr\/portal\/wp-json\/wp\/v2\/types\/post"}],"author":[{"embeddable":true,"href":"https:\/\/matulji.hr\/portal\/wp-json\/wp\/v2\/users\/2"}],"replies":[{"embeddable":true,"href":"https:\/\/matulji.hr\/portal\/wp-json\/wp\/v2\/comments?post=7660"}],"version-history":[{"count":0,"href":"https:\/\/matulji.hr\/portal\/wp-json\/wp\/v2\/posts\/7660\/revisions"}],"wp:attachment":[{"href":"https:\/\/matulji.hr\/portal\/wp-json\/wp\/v2\/media?parent=7660"}],"wp:term":[{"taxonomy":"category","embeddable":true,"href":"https:\/\/matulji.hr\/portal\/wp-json\/wp\/v2\/categories?post=7660"},{"taxonomy":"post_tag","embeddable":true,"href":"https:\/\/matulji.hr\/portal\/wp-json\/wp\/v2\/tags?post=7660"}],"curies":[{"name":"wp","href":"https:\/\/api.w.org\/{rel}","templated":true}]}}