{"id":7646,"date":"2021-10-15T12:17:22","date_gmt":"2021-10-15T10:17:22","guid":{"rendered":"http:\/\/matulji.hr\/pocetna\/?p=7646"},"modified":"2021-10-15T12:17:22","modified_gmt":"2021-10-15T10:17:22","slug":"dan-otvorenih-vrata-zasticenog-krajobraza-lisina","status":"publish","type":"post","link":"https:\/\/matulji.hr\/portal\/dan-otvorenih-vrata-zasticenog-krajobraza-lisina\/","title":{"rendered":"DAN OTVORENIH VRATA ZA\u0160TI\u0106ENOG KRAJOBRAZA LISINA"},"content":{"rendered":"<p><span style=\"color: #050505;\"><span style=\"font-family: inherit, serif;\"><span style=\"font-size: medium;\"><a href=\"https:\/\/matulji.hr\/pocetna\/wp-content\/uploads\/2015\/08\/obavijest_matulji.jpg\"><img loading=\"lazy\" decoding=\"async\" class=\"alignleft size-full wp-image-802\" src=\"http:\/\/matulji.hr\/pocetna\/wp-content\/uploads\/2015\/08\/obavijest_matulji.jpg\" alt=\"\" width=\"300\" height=\"158\" \/><\/a>U subotu, 16.10.2021. odr\u017eat \u0107e se \u201eDan otvorenih vrata za\u0161ti\u0107enog krajobraza Lisina\u201c kod Planinarskog doma u Lisini od 10:00 sati.<\/span><\/span><\/span><!--more--><\/p>\n<p><span style=\"color: #050505;\"><span style=\"font-family: inherit, serif;\"><span style=\"font-size: medium;\">U sklopu doga\u0111anja odr\u017eat \u0107e se kratko predavanje prof. Roberta \u017diguli\u0107a na temu \u201eStota obljetnica otvaranja planinarskog Doma u Lisini\u201c. Tako\u0111er, planirano je i razgledavanje novoure\u0111enih prostorija Doma Lisina te obilazak prezentacijskih \u0161tandova udruga i firmi za vje\u0161tine boravka u prirodi.<\/span><\/span><\/span><\/p>\n<p><span style=\"color: #050505;\"><span style=\"font-family: inherit, serif;\"><span style=\"font-size: medium;\">Dolazak automobilima biti \u0107e mogu\u0107 iz pravca Zvone\u0107a preko \u0160krapne. Prisustvovati mogu isklju\u010divo osobe sa va\u017ee\u0107im COVID potvrdama.<\/span><\/span><\/span><\/p>\n","protected":false},"excerpt":{"rendered":"<p>U subotu, 16.10.2021. odr\u017eat \u0107e se \u201eDan otvorenih vrata za\u0161ti\u0107enog krajobraza Lisina\u201c kod Planinarskog doma u Lisini od 10:00 sati.<\/p>\n","protected":false},"author":2,"featured_media":0,"comment_status":"closed","ping_status":"closed","sticky":false,"template":"","format":"standard","meta":{"footnotes":""},"categories":[2,3],"tags":[],"class_list":["post-7646","post","type-post","status-publish","format-standard","hentry","category-kalendar-dogadjanja","category-novosti"],"_links":{"self":[{"href":"https:\/\/matulji.hr\/portal\/wp-json\/wp\/v2\/posts\/7646","targetHints":{"allow":["GET"]}}],"collection":[{"href":"https:\/\/matulji.hr\/portal\/wp-json\/wp\/v2\/posts"}],"about":[{"href":"https:\/\/matulji.hr\/portal\/wp-json\/wp\/v2\/types\/post"}],"author":[{"embeddable":true,"href":"https:\/\/matulji.hr\/portal\/wp-json\/wp\/v2\/users\/2"}],"replies":[{"embeddable":true,"href":"https:\/\/matulji.hr\/portal\/wp-json\/wp\/v2\/comments?post=7646"}],"version-history":[{"count":0,"href":"https:\/\/matulji.hr\/portal\/wp-json\/wp\/v2\/posts\/7646\/revisions"}],"wp:attachment":[{"href":"https:\/\/matulji.hr\/portal\/wp-json\/wp\/v2\/media?parent=7646"}],"wp:term":[{"taxonomy":"category","embeddable":true,"href":"https:\/\/matulji.hr\/portal\/wp-json\/wp\/v2\/categories?post=7646"},{"taxonomy":"post_tag","embeddable":true,"href":"https:\/\/matulji.hr\/portal\/wp-json\/wp\/v2\/tags?post=7646"}],"curies":[{"name":"wp","href":"https:\/\/api.w.org\/{rel}","templated":true}]}}