{"id":7282,"date":"2021-07-05T16:15:50","date_gmt":"2021-07-05T14:15:50","guid":{"rendered":"http:\/\/matulji.hr\/pocetna\/?p=7282"},"modified":"2021-07-05T16:15:50","modified_gmt":"2021-07-05T14:15:50","slug":"primanje-za-najuspjesnije-ucenike-os-dr-andrija-mohorovicic-matulji-i-os-drago-gervais-bresca-2","status":"publish","type":"post","link":"https:\/\/matulji.hr\/portal\/primanje-za-najuspjesnije-ucenike-os-dr-andrija-mohorovicic-matulji-i-os-drago-gervais-bresca-2\/","title":{"rendered":"PRIMANJE ZA NAJUSPJE\u0160NIJE U\u010cENIKE O\u0160 &#039;&#039;DR. ANDRIJA MOHOROVI\u010cI\u0106&#039;&#039; MATULJI I O\u0160 &#039;&#039;DRAGO GERVAIS&#039;&#039; BRE\u0160CA"},"content":{"rendered":"<p align=\"justify\"><span style=\"font-family: Times New Roman, serif;\"><span style=\"font-size: medium;\"><a href=\"https:\/\/matulji.hr\/pocetna\/wp-content\/uploads\/2015\/08\/obavijest_matulji.jpg\"><img loading=\"lazy\" decoding=\"async\" class=\"alignleft size-medium wp-image-802\" src=\"http:\/\/matulji.hr\/pocetna\/wp-content\/uploads\/2015\/08\/obavijest_matulji-300x158.jpg\" alt=\"\" width=\"300\" height=\"158\" \/><\/a>U \u0161kolskoj sportskoj dvorani osnovne \u0161kole &#8221;Dr. Andrija Mohorovi\u010di\u0107&#8221; Matulji, na\u010delnik Op\u0107ine Vedran Kinkela primio je najuspje\u0161nije u\u010denike dviju matuljskih \u0161kola.<\/span><\/span><!--more--><\/p>\n<p align=\"justify\"><span style=\"font-family: Times New Roman, serif;\"><span style=\"font-size: medium;\">Kao odlika\u0161i kroz svih osam razreda osnovne \u0161kole &#8221;Dr. Andrija Mohorovi\u010di\u0107&#8221; Matulji poklon bonom u vrijednosti od 400 kuna nagra\u0111eni su slijede\u0107i u\u010denici:<\/span><\/span><\/p>\n<p align=\"justify\"><span style=\"font-family: Times New Roman, serif;\"><span style=\"font-size: medium;\">&#8211; 8. A razred sa razrednicom Jasnom Mi\u0161kulin Nemeth<\/span><\/span><\/p>\n<p align=\"justify\"><span style=\"font-family: Times New Roman, serif;\"><span style=\"font-size: medium;\">Niko Herega, Dora Malec, Roko Perkovi\u0107, Petra \u0160epinski, Tena Janji\u0107, Nina Turkovi\u0107<\/span><\/span><\/p>\n<p align=\"justify\"><span style=\"color: #000000;\"><span style=\"font-family: Times New Roman, serif;\"><span style=\"font-size: medium;\">&#8211; 8. B razred sa razrednicom <\/span><\/span><\/span><span style=\"font-family: Times New Roman, serif;\"><span style=\"font-size: medium;\">Jelenom Vrkljan<\/span><\/span><\/p>\n<p align=\"justify\"><span style=\"font-family: Times New Roman, serif;\"><span style=\"font-size: medium;\">Noa Ba\u0107i\u0107, Klea Floridan, Nina Kinkela, Petar Pobar, Iva Stambuli\u0107, Nicole \u0160uran, Katja Topi\u0107, Vito Vla\u0161imsky<\/span><\/span><\/p>\n<p align=\"justify\"><span style=\"color: #000000;\"><span style=\"font-family: Times New Roman, serif;\"><span style=\"font-size: medium;\">&#8211; 8. C razred sa razrednicom <\/span><\/span><\/span><span style=\"font-family: Times New Roman, serif;\"><span style=\"font-size: medium;\">Elizabetom Borovinom<\/span><\/span><\/p>\n<p align=\"justify\"><span style=\"color: #000000;\"><span style=\"font-family: Times New Roman, serif;\"><span style=\"font-size: medium;\">Leona Bujan,<\/span><\/span><\/span> <span style=\"color: #000000;\"><span style=\"font-family: Times New Roman, serif;\"><span style=\"font-size: medium;\">Dominik Kolak,<\/span><\/span><\/span> <span style=\"color: #000000;\"><span style=\"font-family: Times New Roman, serif;\"><span style=\"font-size: medium;\">Ante Koprivnjak,<\/span><\/span><\/span> <span style=\"color: #000000;\"><span style=\"font-family: Times New Roman, serif;\"><span style=\"font-size: medium;\">Toni Ivani\u0107,<\/span><\/span><\/span> <span style=\"color: #000000;\"><span style=\"font-family: Times New Roman, serif;\"><span style=\"font-size: medium;\">Petra Komarac,<\/span><\/span><\/span> <span style=\"color: #000000;\"><span style=\"font-family: Times New Roman, serif;\"><span style=\"font-size: medium;\">Adrian Mikuleti\u010d <\/span><\/span><\/span><\/p>\n<p align=\"justify\"><span style=\"color: #000000;\"><span style=\"font-family: Times New Roman, serif;\"><span style=\"font-size: medium;\">U\u010denik generacije progla\u0161en je Ante Koprivnjak (8. C razred), a nagra\u0111en je poklon bonom u vrijednosti od 500 kuna.<\/span><\/span><\/span><\/p>\n<p align=\"justify\"><span style=\"color: #000000;\"><span style=\"font-family: Times New Roman, serif;\"><span style=\"font-size: medium;\">Iz osnovne \u0161kole &#8221;Drago Gervais&#8221; Bre\u0161ca nagra\u0111eni su tako\u0111er poklon bonom u vrijednosti od 400 kuna slijede\u0107i u\u010denici koji su svih osam razreda zavr\u0161ili sa odli\u010dnim uspjehom:<\/span><\/span><\/span><\/p>\n<p align=\"justify\"><span style=\"color: #000000;\"><span style=\"font-family: Times New Roman, serif;\"><span style=\"font-size: medium;\">&#8211; 8. A razred sa razrednicom Tatjanom Zba\u0161nik<\/span><\/span><\/span><\/p>\n<p align=\"justify\"><span style=\"color: #000000;\"><span style=\"font-family: Times New Roman, serif;\"><span style=\"font-size: medium;\">Ivana Perak,<\/span><\/span><\/span> <span style=\"color: #000000;\"><span style=\"font-family: Times New Roman, serif;\"><span style=\"font-size: medium;\">Jona Per\u0161i\u0107,<\/span><\/span><\/span> <span style=\"color: #000000;\"><span style=\"font-family: Times New Roman, serif;\"><span style=\"font-size: medium;\">Natali Ru\u017ei\u0107,<\/span><\/span><\/span> <span style=\"color: #000000;\"><span style=\"font-family: Times New Roman, serif;\"><span style=\"font-size: medium;\">Moreno Stani\u0107,<\/span><\/span><\/span> <span style=\"color: #000000;\"><span style=\"font-family: Times New Roman, serif;\"><span style=\"font-size: medium;\">Mirna Tomi\u0107,<\/span><\/span><\/span> <span style=\"color: #000000;\"><span style=\"font-family: Times New Roman, serif;\"><span style=\"font-size: medium;\">Nika Varljen<\/span><\/span><\/span><\/p>\n<p align=\"justify\"><span style=\"color: #000000;\"><span style=\"font-family: Times New Roman, serif;\"><span style=\"font-size: medium;\">&#8211; 8. B razred sa razrednikom Goranom Bijeli\u0107em<\/span><\/span><\/span><\/p>\n<p align=\"justify\"><span style=\"font-family: Times New Roman, serif;\"><span style=\"font-size: medium;\">Ivan Barak, Lucia Gregorovi\u0107, Anna Lena \u017divkovi\u0107, Luka \u0160ustar<\/span><\/span><\/p>\n<p align=\"justify\"><span style=\"color: #000000;\"><span style=\"font-family: Times New Roman, serif;\"><span style=\"font-size: medium;\">U\u010denice generacije progla\u0161ene su <\/span><\/span><\/span><span style=\"font-family: Times New Roman, serif;\"><span style=\"font-size: medium;\">Anna Lena \u017divkovi\u0107 (8. B razred)<\/span><\/span><span style=\"color: #000000;\"><span style=\"font-family: Times New Roman, serif;\"><span style=\"font-size: medium;\"> i Natali Ru\u017ei\u0107 (8. A razred), a nagra\u0111ene su poklon bonom u vrijednosti od 500 kuna.<\/span><\/span><\/span><\/p>\n<p align=\"justify\"><span style=\"color: #000000;\"><span style=\"font-family: Times New Roman, serif;\"><span style=\"font-size: medium;\">Poklon bonom u vrijednosti od 300 kuna nagra\u0111eni su u\u010denici <\/span><\/span><\/span><span style=\"font-family: Times New Roman, serif;\"><span style=\"font-size: medium;\">&#8221;Dr. Andrija Mohorovi\u010di\u0107&#8221; Matulji <\/span><\/span><span style=\"color: #000000;\"><span style=\"font-family: Times New Roman, serif;\"><span style=\"font-size: medium;\">koji su osvojili 2. mjesto na dr\u017eavnom natjecanju iz glazbenog pod nazivom &#8221;Europa u \u0161koli&#8221; Fran Barjaktari\u0107, Katja \u0160op<\/span><\/span><\/span><span style=\"color: #000000;\"><span style=\"font-family: Times New Roman, serif;\"><span style=\"font-size: medium;\">, <\/span><\/span><\/span><span style=\"color: #000000;\"><span style=\"font-family: Times New Roman, serif;\"><span style=\"font-size: medium;\">Vita Smokrovi\u0107<\/span><\/span><\/span><span style=\"color: #000000;\"><span style=\"font-family: Times New Roman, serif;\"><span style=\"font-size: medium;\">, <\/span><\/span><\/span><span style=\"color: #000000;\"><span style=\"font-family: Times New Roman, serif;\"><span style=\"font-size: medium;\">Sara Ostoji\u0107, Ana Spin\u010di\u0107<\/span><\/span><\/span><span style=\"color: #000000;\"><span style=\"font-family: Times New Roman, serif;\"><span style=\"font-size: medium;\">, <\/span><\/span><\/span><span style=\"color: #000000;\"><span style=\"font-family: Times New Roman, serif;\"><span style=\"font-size: medium;\">Lea Kezele<\/span><\/span><\/span> <span style=\"color: #000000;\"><span style=\"font-family: Times New Roman, serif;\"><span style=\"font-size: medium;\">pod vodstvom svoje mentorice Ivane Herman.<\/span><\/span><\/span><\/p>\n<p align=\"justify\">\n","protected":false},"excerpt":{"rendered":"<p>U \u0161kolskoj sportskoj dvorani osnovne \u0161kole &#8221;Dr. Andrija Mohorovi\u010di\u0107&#8221; Matulji, na\u010delnik Op\u0107ine Vedran Kinkela primio je najuspje\u0161nije u\u010denike dviju matuljskih \u0161kola.<\/p>\n","protected":false},"author":2,"featured_media":0,"comment_status":"closed","ping_status":"closed","sticky":false,"template":"","format":"standard","meta":{"footnotes":""},"categories":[3],"tags":[],"class_list":["post-7282","post","type-post","status-publish","format-standard","hentry","category-novosti"],"_links":{"self":[{"href":"https:\/\/matulji.hr\/portal\/wp-json\/wp\/v2\/posts\/7282","targetHints":{"allow":["GET"]}}],"collection":[{"href":"https:\/\/matulji.hr\/portal\/wp-json\/wp\/v2\/posts"}],"about":[{"href":"https:\/\/matulji.hr\/portal\/wp-json\/wp\/v2\/types\/post"}],"author":[{"embeddable":true,"href":"https:\/\/matulji.hr\/portal\/wp-json\/wp\/v2\/users\/2"}],"replies":[{"embeddable":true,"href":"https:\/\/matulji.hr\/portal\/wp-json\/wp\/v2\/comments?post=7282"}],"version-history":[{"count":0,"href":"https:\/\/matulji.hr\/portal\/wp-json\/wp\/v2\/posts\/7282\/revisions"}],"wp:attachment":[{"href":"https:\/\/matulji.hr\/portal\/wp-json\/wp\/v2\/media?parent=7282"}],"wp:term":[{"taxonomy":"category","embeddable":true,"href":"https:\/\/matulji.hr\/portal\/wp-json\/wp\/v2\/categories?post=7282"},{"taxonomy":"post_tag","embeddable":true,"href":"https:\/\/matulji.hr\/portal\/wp-json\/wp\/v2\/tags?post=7282"}],"curies":[{"name":"wp","href":"https:\/\/api.w.org\/{rel}","templated":true}]}}