{"id":7224,"date":"2021-06-08T01:22:25","date_gmt":"2021-06-07T23:22:25","guid":{"rendered":"http:\/\/matulji.hr\/pocetna\/?p=7224"},"modified":"2021-06-08T01:22:25","modified_gmt":"2021-06-07T23:22:25","slug":"obavijest-52","status":"publish","type":"post","link":"https:\/\/matulji.hr\/portal\/obavijest-52\/","title":{"rendered":"OBAVIJEST"},"content":{"rendered":"<p align=\"justify\"><span style=\"color: #313639;\"><span style=\"font-size: large;\"><a href=\"https:\/\/matulji.hr\/pocetna\/wp-content\/uploads\/2021\/06\/thumbnail.jpg\"><img loading=\"lazy\" decoding=\"async\" class=\"alignleft size-medium wp-image-7226\" src=\"http:\/\/matulji.hr\/pocetna\/wp-content\/uploads\/2021\/06\/thumbnail-300x201.jpg\" alt=\"\" width=\"300\" height=\"201\" \/><\/a>Dana 07. lipnja 2021.godine odr\u017eana je primopredaja du\u017enosti u Op\u0107ini Matulji izme\u0111u \u0106ikovi\u0107 Maria kojemu je dana 06.06.2021.godine prestala du\u017enost op\u0107inskog na\u010delnika Op\u0107ine Matulji te Vedrana Kinkela koji je dana 07.06.2021.godine stupio na du\u017enost op\u0107inskog na\u010delnika Op\u0107ine Matulji. <\/span><\/span><!--more--><\/p>\n<p align=\"justify\"><span style=\"color: #313639;\"><span style=\"font-size: large;\">Primopredaji su nazo\u010dili:<\/span><\/span><\/p>\n<p align=\"justify\"><span style=\"color: #313639;\"><span style=\"font-size: large;\">&#8211; Mario \u0106ikovi\u0107, op\u0107inski na\u010delnik kojemu je prestao mandat <\/span><\/span><\/p>\n<p align=\"justify\"><span style=\"color: #313639;\"><span style=\"font-size: large;\">&#8211; Bruno Frlan, zamjenik op\u0107inskog na\u010delnika kojemu je prestao mandat<\/span><\/span><\/p>\n<p align=\"justify\"><span style=\"color: #313639;\"><span style=\"font-size: large;\">&#8211; Vedran Kinkela, novoizabrani op\u0107inski na\u010delnik<\/span><\/span><\/p>\n<p align=\"justify\"><span style=\"color: #313639;\"><span style=\"font-size: large;\">&#8211; Eduard Ba\u0107i\u0107, novoizabrani zamjenik op\u0107inskog na\u010delnika<\/span><\/span><\/p>\n<p align=\"justify\"><span style=\"color: #313639;\"><span style=\"font-size: large;\">&#8211; Danijel Jerman, pro\u010delnik Jedinstvenog upravnog odjela.<\/span><\/span><\/p>\n<p align=\"justify\"><span style=\"color: #313639;\"><span style=\"font-size: large;\">Sukladno \u010dlanku 10.a Zakona o postupku primopredaje vlasti Mario \u0106ikovi\u0107 kao op\u0107inski na\u010delnik kojemu je prestao mandat podnio je Vedranu Kinkela op\u0107inskom na\u010delniku Op\u0107ine Matulji kojemu je mandat zapo\u010deo pisano izvje\u0161\u0107e o obavljanju poslova iz svojeg djelokruga.<\/span><\/span><\/p>\n<p align=\"justify\"><span style=\"color: #313639;\"><span style=\"font-size: large;\">Na primopredaji je istaknuto da se Op\u0107ina predaje u stabilnom financijskom stanju bez nepodmirenih dospjelih obveza sa stanjem na ra\u010dunu od 23.mil.kuna te brojnim zapo\u010detim projektima i aktivnostima.<\/span><\/span><\/p>\n<p align=\"justify\"><span style=\"color: #313639;\"><span style=\"font-size: large;\">Op\u0107inski na\u010delnik koji je preuzeo du\u017enost ukratko je upoznat sa najzna\u010dajnijim projektima koji su u tijeku te radnjama i aktivnostima koje su od zna\u010daja za zavr\u0161etak istih odnosno za pripremu ostalih projekta i aktivnosti planiranih Prora\u010dunom.<\/span><\/span><\/p>\n<p align=\"justify\"><span style=\"color: #313639;\"><span style=\"font-size: large;\">Op\u0107inski na\u010delnik Vedran Kinkela svoju \u0107e du\u017enost obna\u0161ati profesionalno dok \u0107e zamjenik op\u0107inskog na\u010delnik Eduard Ba\u0107i\u0107 za sada svoju du\u017enost obna\u0161ati volonterski.<\/span><\/span><\/p>\n<p align=\"justify\"><a href=\"https:\/\/matulji.hr\/pocetna\/wp-content\/uploads\/2021\/06\/thumbnail-1.jpg\"><img loading=\"lazy\" decoding=\"async\" class=\"aligncenter size-large wp-image-7225\" src=\"http:\/\/matulji.hr\/pocetna\/wp-content\/uploads\/2021\/06\/thumbnail-1-1024x683.jpg\" alt=\"\" width=\"1024\" height=\"683\" \/><\/a><\/p>\n","protected":false},"excerpt":{"rendered":"<p>Dana 07. lipnja 2021.godine odr\u017eana je primopredaja du\u017enosti u Op\u0107ini Matulji izme\u0111u \u0106ikovi\u0107 Maria kojemu je dana 06.06.2021.godine prestala du\u017enost op\u0107inskog na\u010delnika Op\u0107ine Matulji te Vedrana Kinkela koji je dana 07.06.2021.godine stupio na du\u017enost op\u0107inskog na\u010delnika Op\u0107ine Matulji.<\/p>\n","protected":false},"author":2,"featured_media":0,"comment_status":"closed","ping_status":"closed","sticky":false,"template":"","format":"standard","meta":{"footnotes":""},"categories":[3],"tags":[],"class_list":["post-7224","post","type-post","status-publish","format-standard","hentry","category-novosti"],"_links":{"self":[{"href":"https:\/\/matulji.hr\/portal\/wp-json\/wp\/v2\/posts\/7224","targetHints":{"allow":["GET"]}}],"collection":[{"href":"https:\/\/matulji.hr\/portal\/wp-json\/wp\/v2\/posts"}],"about":[{"href":"https:\/\/matulji.hr\/portal\/wp-json\/wp\/v2\/types\/post"}],"author":[{"embeddable":true,"href":"https:\/\/matulji.hr\/portal\/wp-json\/wp\/v2\/users\/2"}],"replies":[{"embeddable":true,"href":"https:\/\/matulji.hr\/portal\/wp-json\/wp\/v2\/comments?post=7224"}],"version-history":[{"count":0,"href":"https:\/\/matulji.hr\/portal\/wp-json\/wp\/v2\/posts\/7224\/revisions"}],"wp:attachment":[{"href":"https:\/\/matulji.hr\/portal\/wp-json\/wp\/v2\/media?parent=7224"}],"wp:term":[{"taxonomy":"category","embeddable":true,"href":"https:\/\/matulji.hr\/portal\/wp-json\/wp\/v2\/categories?post=7224"},{"taxonomy":"post_tag","embeddable":true,"href":"https:\/\/matulji.hr\/portal\/wp-json\/wp\/v2\/tags?post=7224"}],"curies":[{"name":"wp","href":"https:\/\/api.w.org\/{rel}","templated":true}]}}