{"id":5717,"date":"2020-03-22T20:59:23","date_gmt":"2020-03-22T20:59:23","guid":{"rendered":"http:\/\/matulji.hr\/pocetna\/?p=5717"},"modified":"2020-03-22T20:59:23","modified_gmt":"2020-03-22T20:59:23","slug":"kd-autotrolej-uveo-liniju-18-23-iskljucivo-za-radnike","status":"publish","type":"post","link":"https:\/\/matulji.hr\/portal\/kd-autotrolej-uveo-liniju-18-23-iskljucivo-za-radnike\/","title":{"rendered":"KD AUTOTROLEJ UVEO LINIJU 18\/23 ISKLJU\u010cIVO ZA RADNIKE"},"content":{"rendered":"<p><strong><em><a href=\"https:\/\/matulji.hr\/pocetna\/wp-content\/uploads\/2020\/03\/linija1822.jpg\"><img loading=\"lazy\" decoding=\"async\" class=\"alignleft size-medium wp-image-5718\" src=\"http:\/\/matulji.hr\/pocetna\/wp-content\/uploads\/2020\/03\/linija1822-261x300.jpg\" alt=\"\" width=\"261\" height=\"300\" \/><\/a><br \/>\n<\/em><\/strong><br \/>\nRijeka \u2013 Po nalogu Nacionalnog sto\u017eera civilne za\u0161tite, KD Autotrolej uspostavlja izvanredne linije javnog gradskog prijevoza koje u promet kre\u0107u sutra, 23. o\u017eujka. Ove linije namijenjene su isklju\u010divo i jedino gra\u0111anima koji moraju do\u0107i na radno mjesto. Prijevoz za sve ostale korisnike je strogo zabranjen i ulaz u vozila bit \u0107e im onemogu\u0107en. U autobuse je mogu\u0107e u\u0107i isklju\u010divo sa za\u0161titnom maskom na licima. Korisnicima koji ne budu koristili za\u0161titne maske, prijevoz \u0107e biti onemogu\u0107en, a u svrhu sprje\u010davanja \u0161irenja korona virusa.<!--more--><br \/>\nVozila Autotroleja bit \u0107e poja\u010dano dezinficirana nekoliko puta tijekom dana.<br \/>\nUspostavljaju se tri gradske i \u0161est prigradskih linija:<br \/>\n<strong>1. Gradske linije<\/strong><\/p>\n<div>\n<ul>\n<li><a href=\"https:\/\/www.mojarijeka.hr\/repository_files\/file\/548\/\">Linija 101 IZV<\/a> \u2013 Trsat-centar-Krnjevo-Mar\u010deljeva Draga<\/li>\n<li><a href=\"https:\/\/www.mojarijeka.hr\/repository_files\/file\/549\/\">Linija 102 IZV<\/a> \u2013 Ve\u017eica-KBC Su\u0161ak-centar-Potok-Vukovarska-Antuna Barca-Novo Naselje Krnjevo-Baredice-Zamet-Srdo\u010di<\/li>\n<li><a href=\"https:\/\/www.mojarijeka.hr\/repository_files\/file\/550\/\">Linija 103 IZV<\/a> \u2013 Delta-Pomerio-1.maja-\u0160kurinje-Drenova-Kozala-Tizianova-\u017delj. Kolodvor-Delta<\/li>\n<li>polasci na gradskim linijama organizirani su u prosjeku svakih sat vremena,<\/li>\n<\/ul>\n<\/div>\n<p><strong>2. Prigradske linije:<\/strong><\/p>\n<div>\n<ul>\n<li><a href=\"https:\/\/www.mojarijeka.hr\/repository_files\/file\/556\/\" target=\"_blank\" rel=\"noopener noreferrer\">Linija 29 IZV <\/a>\u2013 Kraljevica-Bakar-Kostrena-Rijeka<\/li>\n<li><a href=\"https:\/\/www.mojarijeka.hr\/repository_files\/file\/554\/\">Linija 25 IZV<\/a> \u2013 Rijeka \u2014 Draga \u2014 \u0160krljevo \u2014 Kukuljanovo \u2014 Podola \u2014 Radna Zona 27<\/li>\n<li><a href=\"https:\/\/www.mojarijeka.hr\/repository_files\/file\/555\/\">Linija 26 IZV<\/a> \u2013 Hreljin-\u0160krljevo-Kukuljanovo-Draga-Rijeka<\/li>\n<li><a href=\"https:\/\/www.mojarijeka.hr\/repository_files\/file\/551\/\">Linija 12 IZV <\/a>\u2013 Jelenje-\u010cavle-Rijeka<\/li>\n<li><a href=\"https:\/\/www.mojarijeka.hr\/repository_files\/file\/553\/\">Linija 20 IZV<\/a> \u2013 Klana-Vi\u0161kovo-Rijeka<\/li>\n<li><a href=\"https:\/\/www.mojarijeka.hr\/repository_files\/file\/552\/\">Linija 18\/23 IZV<\/a> \u2013 Kastav-Matulji-Rijeka<\/li>\n<li><a href=\"https:\/\/www.mojarijeka.hr\/repository_files\/file\/557\/\">Linija 32 IZV<\/a> \u2013 Lovran-Opatija-Rijeka<\/li>\n<\/ul>\n<\/div>\n<div>\nGradske linije prometovat \u0107e od 6 do 18\u00a0sati.<br \/>\nPrigradske linije obavljat \u0107e prijevoz u jutarnjem terminu (dovoz do\/od grada Rijeke) i odvoz u popodnevnom terminu (odvoz prema prigradu-Rijeka) i to radnim danom te po potrebi subotom, nedjeljom i blagdanom.\n<\/div>\n","protected":false},"excerpt":{"rendered":"<p>Rijeka \u2013 Po nalogu Nacionalnog sto\u017eera civilne za\u0161tite, KD Autotrolej uspostavlja izvanredne linije javnog gradskog prijevoza koje u promet kre\u0107u sutra, 23. o\u017eujka. Ove linije namijenjene su isklju\u010divo i jedino gra\u0111anima koji moraju do\u0107i na radno mjesto. Prijevoz za sve ostale korisnike je strogo zabranjen i ulaz u vozila bit \u0107e im onemogu\u0107en. U autobuse je mogu\u0107e u\u0107i isklju\u010divo sa za\u0161titnom maskom na licima. Korisnicima koji ne budu koristili za\u0161titne maske, prijevoz \u0107e biti onemogu\u0107en, a u svrhu sprje\u010davanja \u0161irenja korona virusa.<\/p>\n","protected":false},"author":2,"featured_media":0,"comment_status":"closed","ping_status":"closed","sticky":false,"template":"","format":"standard","meta":{"footnotes":""},"categories":[3],"tags":[],"class_list":["post-5717","post","type-post","status-publish","format-standard","hentry","category-novosti"],"_links":{"self":[{"href":"https:\/\/matulji.hr\/portal\/wp-json\/wp\/v2\/posts\/5717","targetHints":{"allow":["GET"]}}],"collection":[{"href":"https:\/\/matulji.hr\/portal\/wp-json\/wp\/v2\/posts"}],"about":[{"href":"https:\/\/matulji.hr\/portal\/wp-json\/wp\/v2\/types\/post"}],"author":[{"embeddable":true,"href":"https:\/\/matulji.hr\/portal\/wp-json\/wp\/v2\/users\/2"}],"replies":[{"embeddable":true,"href":"https:\/\/matulji.hr\/portal\/wp-json\/wp\/v2\/comments?post=5717"}],"version-history":[{"count":0,"href":"https:\/\/matulji.hr\/portal\/wp-json\/wp\/v2\/posts\/5717\/revisions"}],"wp:attachment":[{"href":"https:\/\/matulji.hr\/portal\/wp-json\/wp\/v2\/media?parent=5717"}],"wp:term":[{"taxonomy":"category","embeddable":true,"href":"https:\/\/matulji.hr\/portal\/wp-json\/wp\/v2\/categories?post=5717"},{"taxonomy":"post_tag","embeddable":true,"href":"https:\/\/matulji.hr\/portal\/wp-json\/wp\/v2\/tags?post=5717"}],"curies":[{"name":"wp","href":"https:\/\/api.w.org\/{rel}","templated":true}]}}