{"id":5410,"date":"2018-01-02T15:19:24","date_gmt":"2018-01-02T15:19:24","guid":{"rendered":"http:\/\/matulji.hr\/pocetna\/?p=5410"},"modified":"2018-01-02T15:19:24","modified_gmt":"2018-01-02T15:19:24","slug":"proracun-2018","status":"publish","type":"post","link":"https:\/\/matulji.hr\/portal\/proracun-2018\/","title":{"rendered":"PRORA\u010cUN 2018."},"content":{"rendered":"<p><a href=\"https:\/\/matulji.hr\/pocetna\/wp-content\/uploads\/2018\/01\/1.-Prora\u010dun-u-malom-2018.g..pdf\">Prora\u010dun u malom 2018.g.<\/a><br \/>\n<a href=\"https:\/\/matulji.hr\/pocetna\/wp-content\/uploads\/2018\/01\/2.-Obrazlo\u017eenje-Prora\u010duna-2018-2020-sa-programima.pdf\">Obrazlo\u017eenje Prora\u010duna 2018-2020 s programima<\/a><br \/>\n<a href=\"https:\/\/matulji.hr\/pocetna\/wp-content\/uploads\/2018\/01\/3.-Prora\u010dun-za-2018.i-proj.2019-2020.pdf\">Prora\u010dun za 2018. i proj.2019-2020.<\/a><br \/>\n<a href=\"https:\/\/matulji.hr\/pocetna\/wp-content\/uploads\/2018\/01\/4.-Odluka-o-izvr\u0161avanju-Prora\u010duna-2018.pdf\">Odluka o izvr\u0161avanju Prora\u010duna 2018<br \/>\n<\/a><a href=\"https:\/\/matulji.hr\/pocetna\/wp-content\/uploads\/2018\/05\/1.-Izmjene-i-dopune-Prora\u010duna-Op\u0107ine-Matulji-za-2018-i-projekcije-2019-2020.zip\">1. izmjena i dopuna Prora\u010duna 2018.<\/a><br \/>\n<a href=\"https:\/\/matulji.hr\/pocetna\/wp-content\/uploads\/2018\/10\/1.Polugodi\u0161nje-izvje\u0161\u0107e-o-izvr\u0161enju-Prora\u010duna-za-2018..pdf\">Polugodi\u0161nje izvje\u0161\u0107e o izvr\u0161enju Prora\u010duna za 2018.<\/a><br \/>\n<a href=\"https:\/\/matulji.hr\/pocetna\/wp-content\/uploads\/2018\/10\/2.-Obrazlo\u017eenje-Polugodi\u0161njeg-izvje\u0161\u0107a-o-izvr\u0161enju-prora\u010duna-2018.pdf\">Obrazlo\u017eenje Polugodi\u0161njeg izvje\u0161\u0107a o izvr\u0161enju prora\u010duna 2018.<\/a><br \/>\n<a href=\"https:\/\/matulji.hr\/pocetna\/wp-content\/uploads\/2018\/11\/2.-izmjene-prora\u010duna-op\u0107ine-Matulji-2018.zip\">2. izmjene prora\u010duna op\u0107ine Matulji 2018<\/a><br \/>\n<a href=\"https:\/\/matulji.hr\/pocetna\/wp-content\/uploads\/2019\/02\/Financijska_izvjesca_31.12.18.zip\">Financijska izvje\u0161\u0107a za 2018.g<\/a><br \/>\n<a href=\"https:\/\/matulji.hr\/pocetna\/wp-content\/uploads\/2019\/03\/Konsolidirano-izvje\u0161\u0107e-za-2018..zip\">Konsolidirano izvje\u0161\u0107e za 2018.g.<\/a><br \/>\n<a href=\"https:\/\/matulji.hr\/pocetna\/wp-content\/uploads\/2019\/04\/1.Godi\u0161nji-izvje\u0161taj-o-izvr\u0161enju-Prora\u010duna-za-2018.g.zip\">Godi\u0161nji izvje\u0161taj o izvr\u0161enju Prora\u010duna za 2018.<\/a><br \/>\n<a href=\"https:\/\/matulji.hr\/pocetna\/wp-content\/uploads\/2019\/04\/2.-Izvr\u0161enje-programa-i-prora\u010dunskih-korisnika-2018..zip\">Izvr\u0161enje programa i prora\u010dunskih korisnika 2018.<\/a><br \/>\n<a href=\"https:\/\/matulji.hr\/pocetna\/wp-content\/uploads\/2019\/04\/3.-Izvje\u0161\u0107e-o-ostvarenju-godi\u0161njeg-programa-odr\u017eavanja-2018-.doc\">Izvje\u0161\u0107e o ostvarenju godi\u0161njeg programa odr\u017eavanja 2018.<\/a><br \/>\n<a href=\"https:\/\/matulji.hr\/pocetna\/wp-content\/uploads\/2019\/04\/4.-Izvje\u0161\u0107e-o-ostvarenju-godi\u0161njeg-programa-gradnje-2018-.doc\">Izvje\u0161\u0107e o ostvarenju godi\u0161njeg programa gradnje 2018.<\/a><br \/>\n<a href=\"https:\/\/matulji.hr\/pocetna\/wp-content\/uploads\/2019\/04\/5.-Odluka-o-raspodjeli-rezultata-za-2018.g.docx\">Odluka o raspodjeli rezultata za 2018.<\/a><\/p>\n","protected":false},"excerpt":{"rendered":"<p>Prora\u010dun u malom 2018.g. Obrazlo\u017eenje Prora\u010duna 2018-2020 s programima Prora\u010dun za 2018. i proj.2019-2020. Odluka o izvr\u0161avanju Prora\u010duna 2018 1. izmjena i dopuna Prora\u010duna 2018. Polugodi\u0161nje izvje\u0161\u0107e o izvr\u0161enju Prora\u010duna za 2018. Obrazlo\u017eenje Polugodi\u0161njeg izvje\u0161\u0107a o izvr\u0161enju prora\u010duna 2018. 2. izmjene prora\u010duna op\u0107ine Matulji 2018 Financijska izvje\u0161\u0107a za 2018.g Konsolidirano izvje\u0161\u0107e za 2018.g. Godi\u0161nji izvje\u0161taj o izvr\u0161enju Prora\u010duna za 2018. Izvr\u0161enje programa i prora\u010dunskih korisnika 2018. Izvje\u0161\u0107e o ostvarenju godi\u0161njeg programa odr\u017eavanja 2018. Izvje\u0161\u0107e o ostvarenju godi\u0161njeg programa gradnje 2018. Odluka o raspodjeli rezultata za 2018.<\/p>\n","protected":false},"author":2,"featured_media":0,"comment_status":"closed","ping_status":"closed","sticky":false,"template":"","format":"standard","meta":{"footnotes":""},"categories":[3],"tags":[],"class_list":["post-5410","post","type-post","status-publish","format-standard","hentry","category-novosti"],"_links":{"self":[{"href":"https:\/\/matulji.hr\/portal\/wp-json\/wp\/v2\/posts\/5410","targetHints":{"allow":["GET"]}}],"collection":[{"href":"https:\/\/matulji.hr\/portal\/wp-json\/wp\/v2\/posts"}],"about":[{"href":"https:\/\/matulji.hr\/portal\/wp-json\/wp\/v2\/types\/post"}],"author":[{"embeddable":true,"href":"https:\/\/matulji.hr\/portal\/wp-json\/wp\/v2\/users\/2"}],"replies":[{"embeddable":true,"href":"https:\/\/matulji.hr\/portal\/wp-json\/wp\/v2\/comments?post=5410"}],"version-history":[{"count":0,"href":"https:\/\/matulji.hr\/portal\/wp-json\/wp\/v2\/posts\/5410\/revisions"}],"wp:attachment":[{"href":"https:\/\/matulji.hr\/portal\/wp-json\/wp\/v2\/media?parent=5410"}],"wp:term":[{"taxonomy":"category","embeddable":true,"href":"https:\/\/matulji.hr\/portal\/wp-json\/wp\/v2\/categories?post=5410"},{"taxonomy":"post_tag","embeddable":true,"href":"https:\/\/matulji.hr\/portal\/wp-json\/wp\/v2\/tags?post=5410"}],"curies":[{"name":"wp","href":"https:\/\/api.w.org\/{rel}","templated":true}]}}