{"id":4206,"date":"2018-12-28T09:48:37","date_gmt":"2018-12-28T09:48:37","guid":{"rendered":"http:\/\/matulji.hr\/pocetna\/?p=4206"},"modified":"2018-12-28T09:48:37","modified_gmt":"2018-12-28T09:48:37","slug":"5-do-polna-na-staro-leto-u-matuljima-nastup-klape-skalin-i-ansambla-sneznik-uz-podjelu-rizota-od-plodova-mora","status":"publish","type":"post","link":"https:\/\/matulji.hr\/portal\/5-do-polna-na-staro-leto-u-matuljima-nastup-klape-skalin-i-ansambla-sneznik-uz-podjelu-rizota-od-plodova-mora\/","title":{"rendered":"\u20185 DO POLNA NA STARO LETO\u2019 U MATULJIMA \u2013 NASTUP KLAPE SKALIN I ANSAMBLA SNE\u017dNIK UZ PODJELU RI\u017dOTA OD PLODOVA MORA"},"content":{"rendered":"<p><em><strong><a href=\"https:\/\/matulji.hr\/pocetna\/wp-content\/uploads\/2018\/12\/koncert-klapa-skalin-matulji-amfiteatar-2017-5-2400x1524_c.jpg\"><img loading=\"lazy\" decoding=\"async\" class=\"alignleft size-medium wp-image-4207\" src=\"http:\/\/matulji.hr\/pocetna\/wp-content\/uploads\/2018\/12\/koncert-klapa-skalin-matulji-amfiteatar-2017-5-2400x1524_c-300x190.jpg\" alt=\"\" width=\"300\" height=\"190\" \/><\/a>\u2013 Program \u0107e se odr\u017eati izme\u0111u 11:30 i 13:30 sati koncertom Klape <span class=\"hascheck-error\">Skalin<\/span> te starog i svima dragog na ovim prostorima ansambla Sne\u017enik, a sve \u0107e za\u010diniti i Udru\u017eenje obrtnika Opatija, Matulji, Lovran i Mo\u0161\u0107eni\u010dka Draga \u010diji \u010dlanovi ve\u0107 od 11 sati po\u010dinju kuhati veliku padelu s plodovima mora, najavila je Eni \u0160ebalj.<\/strong><\/em><br \/>\nOp\u0107ina Matulji ove godine po prvi puta obilje\u017eava ispra\u0107aj stare godine programom pod nazivom \u20185 do polna na staro leto\u2019 te poziva gra\u0111ane da se uz prigodni program podru\u017ee zadnji dan 2018. godine. Najavu pro\u010ditajte na <a href=\"http:\/\/poduckun.net\/5-do-polna-na-staro-leto-u-matuljima-nastup-klape-skalin-i-ansambla-sneznik-uz-podjelu-rizota-od-plodova-mora\/\">ovom linku<\/a>&#8230;<\/p>\n","protected":false},"excerpt":{"rendered":"<p>\u2013 Program \u0107e se odr\u017eati izme\u0111u 11:30 i 13:30 sati koncertom Klape Skalin te starog i svima dragog na ovim prostorima ansambla Sne\u017enik, a sve \u0107e za\u010diniti i Udru\u017eenje obrtnika Opatija, Matulji, Lovran i Mo\u0161\u0107eni\u010dka Draga \u010diji \u010dlanovi ve\u0107 od 11 sati po\u010dinju kuhati veliku padelu s plodovima mora, najavila je Eni \u0160ebalj. Op\u0107ina Matulji ove godine po prvi puta obilje\u017eava ispra\u0107aj stare godine programom pod nazivom \u20185 do polna na staro leto\u2019 te poziva gra\u0111ane da se uz prigodni program podru\u017ee zadnji dan 2018. godine. Najavu pro\u010ditajte na ovom&#8230; <\/p>\n","protected":false},"author":2,"featured_media":0,"comment_status":"closed","ping_status":"closed","sticky":false,"template":"","format":"standard","meta":{"footnotes":""},"categories":[2,3],"tags":[],"class_list":["post-4206","post","type-post","status-publish","format-standard","hentry","category-kalendar-dogadjanja","category-novosti"],"_links":{"self":[{"href":"https:\/\/matulji.hr\/portal\/wp-json\/wp\/v2\/posts\/4206","targetHints":{"allow":["GET"]}}],"collection":[{"href":"https:\/\/matulji.hr\/portal\/wp-json\/wp\/v2\/posts"}],"about":[{"href":"https:\/\/matulji.hr\/portal\/wp-json\/wp\/v2\/types\/post"}],"author":[{"embeddable":true,"href":"https:\/\/matulji.hr\/portal\/wp-json\/wp\/v2\/users\/2"}],"replies":[{"embeddable":true,"href":"https:\/\/matulji.hr\/portal\/wp-json\/wp\/v2\/comments?post=4206"}],"version-history":[{"count":0,"href":"https:\/\/matulji.hr\/portal\/wp-json\/wp\/v2\/posts\/4206\/revisions"}],"wp:attachment":[{"href":"https:\/\/matulji.hr\/portal\/wp-json\/wp\/v2\/media?parent=4206"}],"wp:term":[{"taxonomy":"category","embeddable":true,"href":"https:\/\/matulji.hr\/portal\/wp-json\/wp\/v2\/categories?post=4206"},{"taxonomy":"post_tag","embeddable":true,"href":"https:\/\/matulji.hr\/portal\/wp-json\/wp\/v2\/tags?post=4206"}],"curies":[{"name":"wp","href":"https:\/\/api.w.org\/{rel}","templated":true}]}}