{"id":3014,"date":"2018-02-01T11:22:56","date_gmt":"2018-02-01T11:22:56","guid":{"rendered":"http:\/\/matulji.hr\/pocetna\/?p=3014"},"modified":"2018-02-01T11:22:56","modified_gmt":"2018-02-01T11:22:56","slug":"karnevalska-emisija-lijepom-nasom-sljedece-srijede-u-matuljima","status":"publish","type":"post","link":"https:\/\/matulji.hr\/portal\/karnevalska-emisija-lijepom-nasom-sljedece-srijede-u-matuljima\/","title":{"rendered":"Karnevalska emisija Lijepom na\u0161om sljede\u0107e srijede u Matuljima"},"content":{"rendered":"<p><a href=\"https:\/\/matulji.hr\/pocetna\/wp-content\/uploads\/2018\/02\/lijepomnasom.jpg\"><img loading=\"lazy\" decoding=\"async\" class=\"alignleft size-medium wp-image-3015\" src=\"http:\/\/matulji.hr\/pocetna\/wp-content\/uploads\/2018\/02\/lijepomnasom-300x200.jpg\" alt=\"\" width=\"300\" height=\"200\" \/><\/a>Op\u0107ina Matulji i ove je godine ostvarila je suradnju sa HRT-om i dobila karnevalsku emisiju Lijepom na\u0161om koja \u0107e se u \u0160kolskoj sportskoj dvorani u Matuljima odr\u017eat 7. velja\u010de s po\u010detkom u 19 sati.<br \/>\nKao najzvon\u010darska Op\u0107ina koja ima 10 tradicijskih zvon\u010darskih grupa na UNESCO-ovoj listi nematerijalne kulturne ba\u0161tine svijeta Op\u0107ina Matulji \u0107e kroz dvije emisije na HRT-u imati prilike prezentirati svoju tradicijsku kulturnu ba\u0161tinu ali i kulturne udruge \u2013 klape i zborove, plesne skupine te glazbenike kako sa podru\u010dja Op\u0107ine tako i sa \u0161ireg podru\u010dja Primorsko \u2013 goranske \u017eupanije.<!--more--><br \/>\nKompletnu najavu mo\u017eete<a href=\"https:\/\/poduckun.net\/karnevalska-lijepa-nasa-sljedece-srijede-u-matuljima\/\"> pogledati na ovom linku<\/a>&#8230;<\/p>\n","protected":false},"excerpt":{"rendered":"<p>Op\u0107ina Matulji i ove je godine ostvarila je suradnju sa HRT-om i dobila karnevalsku emisiju Lijepom na\u0161om koja \u0107e se u \u0160kolskoj sportskoj dvorani u Matuljima odr\u017eat 7. velja\u010de s po\u010detkom u 19 sati. Kao najzvon\u010darska Op\u0107ina koja ima 10 tradicijskih zvon\u010darskih grupa na UNESCO-ovoj listi nematerijalne kulturne ba\u0161tine svijeta Op\u0107ina Matulji \u0107e kroz dvije emisije na HRT-u imati prilike prezentirati svoju tradicijsku kulturnu ba\u0161tinu ali i kulturne udruge \u2013 klape i zborove, plesne skupine te glazbenike kako sa podru\u010dja Op\u0107ine tako i sa \u0161ireg podru\u010dja Primorsko \u2013 goranske \u017eupanije.<\/p>\n","protected":false},"author":2,"featured_media":0,"comment_status":"closed","ping_status":"closed","sticky":false,"template":"","format":"standard","meta":{"footnotes":""},"categories":[3],"tags":[],"class_list":["post-3014","post","type-post","status-publish","format-standard","hentry","category-novosti"],"_links":{"self":[{"href":"https:\/\/matulji.hr\/portal\/wp-json\/wp\/v2\/posts\/3014","targetHints":{"allow":["GET"]}}],"collection":[{"href":"https:\/\/matulji.hr\/portal\/wp-json\/wp\/v2\/posts"}],"about":[{"href":"https:\/\/matulji.hr\/portal\/wp-json\/wp\/v2\/types\/post"}],"author":[{"embeddable":true,"href":"https:\/\/matulji.hr\/portal\/wp-json\/wp\/v2\/users\/2"}],"replies":[{"embeddable":true,"href":"https:\/\/matulji.hr\/portal\/wp-json\/wp\/v2\/comments?post=3014"}],"version-history":[{"count":0,"href":"https:\/\/matulji.hr\/portal\/wp-json\/wp\/v2\/posts\/3014\/revisions"}],"wp:attachment":[{"href":"https:\/\/matulji.hr\/portal\/wp-json\/wp\/v2\/media?parent=3014"}],"wp:term":[{"taxonomy":"category","embeddable":true,"href":"https:\/\/matulji.hr\/portal\/wp-json\/wp\/v2\/categories?post=3014"},{"taxonomy":"post_tag","embeddable":true,"href":"https:\/\/matulji.hr\/portal\/wp-json\/wp\/v2\/tags?post=3014"}],"curies":[{"name":"wp","href":"https:\/\/api.w.org\/{rel}","templated":true}]}}