{"id":2971,"date":"2018-01-19T17:39:21","date_gmt":"2018-01-19T17:39:21","guid":{"rendered":"http:\/\/matulji.hr\/pocetna\/?p=2971"},"modified":"2018-01-19T17:39:21","modified_gmt":"2018-01-19T17:39:21","slug":"10-sjednica-opcinskog-vijeca-opcine-matulji-3","status":"publish","type":"post","link":"https:\/\/matulji.hr\/portal\/10-sjednica-opcinskog-vijeca-opcine-matulji-3\/","title":{"rendered":"10. SJEDNICA OP\u0106INSKOG VIJE\u0106A OP\u0106INE MATULJI"},"content":{"rendered":"<p><strong><a href=\"https:\/\/matulji.hr\/pocetna\/wp-content\/uploads\/2013\/12\/sjednica_vijeca.jpg\"><img loading=\"lazy\" decoding=\"async\" class=\"alignleft size-medium wp-image-609\" src=\"http:\/\/matulji.hr\/pocetna\/wp-content\/uploads\/2013\/12\/sjednica_vijeca-300x160.jpg\" alt=\"\" width=\"300\" height=\"160\" \/><\/a>REPUBLIKA HRVATSKA<\/strong><br \/>\n<strong>PRIMORSKO-GORANSKA \u017dUPANIJA<\/strong><br \/>\n<strong>OP\u0106INA MATULJI<\/strong><br \/>\n<strong>OP\u0106INSKO VIJE\u0106E <\/strong><br \/>\n<strong>KLASA: 021-05\/18-01\/0003<\/strong><br \/>\n<strong>URBROJ: 2156\/04-01-3-02-18-0004<\/strong><br \/>\n<strong>Matulji, 17.01.2018<\/strong><\/p>\n<p class=\"western\" align=\"justify\"><span style=\"font-family: Courier New, serif;\"><span style=\"font-size: small;\"><span style=\"font-family: Times New Roman, serif;\"><span style=\"font-size: medium;\">Na temelju \u010dlanka 34. stavka 1. to\u010dka 3. Statuta Op\u0107ine Matulji(\u201eSlu\u017ebene novine Primorsko- goranske \u017eupanije\u201c, broj: 26\/09 , 38\/09, 17\/14. 29\/14, 4\/15 \u2013 pro\u010di\u0161\u0107eni tekst i 39\/15)<\/span><\/span><\/span><\/span><\/p>\n<p class=\"western\" style=\"text-align: center;\" align=\"justify\"><span style=\"font-family: Courier New, serif;\"><span style=\"font-size: small;\"> <span style=\"font-family: Times New Roman, serif;\"><span style=\"font-size: medium;\"><b>S a z i v a m<\/b><\/span><\/span><\/span><\/span><\/p>\n<p class=\"western\" style=\"text-align: center;\" align=\"justify\"><span style=\"font-family: Courier New, serif;\"><span style=\"font-size: small;\"><span style=\"font-family: Times New Roman, serif;\"><span style=\"font-size: medium;\"><b>10. sjednicu Op\u0107inskog vije\u0107a Op\u0107ine Matulji, <\/b><\/span><\/span><span style=\"font-family: Times New Roman, serif;\"><span style=\"font-size: medium;\">koja \u0107e se odr\u017eati dana <\/span><\/span><span style=\"font-family: Times New Roman, serif;\"><span style=\"font-size: medium;\"><b>30. sije\u010dnja 2018. godine (utorak)<\/b><\/span><\/span><span style=\"font-family: Times New Roman, serif;\"><span style=\"font-size: medium;\"> s po\u010detkom u <\/span><\/span><span style=\"font-family: Times New Roman, serif;\"><span style=\"font-size: medium;\"><u><b>17:00 sati<\/b><\/u><\/span><\/span><span style=\"font-family: Times New Roman, serif;\"><span style=\"font-size: medium;\">, u vije\u0107nici Op\u0107ine Matulji.<\/span><\/span><\/span><\/span><!--more--><\/p>\n<p class=\"western\" style=\"text-align: center;\" align=\"justify\"><span style=\"font-family: Courier New, serif;\"><span style=\"font-size: small;\"><span style=\"font-family: Times New Roman, serif;\"><span style=\"font-size: medium;\"> Za sjednicu predla\u017eem sljede\u0107i<\/span><\/span><\/span><\/span><\/p>\n<p class=\"western\" style=\"text-align: center;\" align=\"justify\"><span style=\"font-family: Courier New, serif;\"><span style=\"font-size: small;\"> <span style=\"font-family: Times New Roman, serif;\"><span style=\"font-size: medium;\"><u><b>DNEVNI RED:<\/b><\/u><\/span><\/span><\/span><\/span><\/p>\n<ol>\n<li>\n<p align=\"left\"><span style=\"font-family: Courier New, serif;\"><span style=\"font-size: small;\"><span style=\"font-family: Times New Roman, serif;\"><span style=\"font-size: medium;\"><b>Dono\u0161enje Odluke o na\u010dinu pru\u017eanja javne usluge prikupljanja mije\u0161anog<\/b><\/span><\/span><\/span><\/span><\/p>\n<\/li>\n<\/ol>\n<p align=\"left\"><span style=\"font-family: Courier New, serif;\"><span style=\"font-size: small;\"><span style=\"font-family: Times New Roman, serif;\"><span style=\"font-size: medium;\"><b>komunalnog otpada i biorazgradivog komunalnog otpada i usluga povezane s tom javnom uslugom, za savjetovanje s javno\u0161\u0107u<\/b><\/span><\/span><\/span><\/span><\/p>\n<p class=\"western\" align=\"left\"><span style=\"font-family: Courier New, serif;\"><span style=\"font-size: small;\"><span style=\"font-family: Times New Roman, serif;\"><span style=\"font-size: medium;\">Izvjestitelj: zamjenik op\u0107inskog na\u010delnika mr.sc. Bruno Frlan<\/span><\/span><\/span><\/span><\/p>\n<ol start=\"2\">\n<li>\n<p align=\"left\"><span style=\"font-family: Courier New, serif;\"><span style=\"font-size: small;\"><span style=\"font-family: Times New Roman, serif;\"><span style=\"font-size: medium;\"><b>Dono\u0161enje Odluke o izboru najpovoljnije ponude u postupku prikupljanja ponuda za odr\u017eavanje javnih zelenih povr\u0161ina na podru\u010dju Op\u0107ine Matulji u 2018. godini<\/b><\/span><\/span><\/span><\/span><\/p>\n<\/li>\n<\/ol>\n<p class=\"western\" align=\"justify\"><span style=\"font-family: Courier New, serif;\"><span style=\"font-size: small;\"><b> <\/b><span style=\"font-family: Times New Roman, serif;\"><span style=\"font-size: medium;\">Izvjestiteljica: voditeljica Odsjeka za samoupravu i upravu, Ljubomira Vrh<\/span><\/span><\/span><\/span><\/p>\n<ol start=\"3\">\n<li>\n<p align=\"left\"><span style=\"font-family: Courier New, serif;\"><span style=\"font-size: small;\"><span style=\"font-family: Times New Roman, serif;\"><span style=\"font-size: medium;\"><b>Dono\u0161enje Odluke o dodijeli godi\u0161nje nagrade Op\u0107ine Matulji za 2018.godinu sljede\u0107im fizi\u010dkim i pravnim osobama:<\/b><\/span><\/span><\/span><\/span><\/p>\n<\/li>\n<\/ol>\n<p align=\"left\"><span style=\"font-family: Courier New, serif;\"><span style=\"font-size: small;\"><span style=\"font-family: Times New Roman, serif;\"><span style=\"font-size: medium;\">a) \u017deljku Uj\u010di\u0107u iz Velih Muna, radi postignu\u0107a i doprinosa od osobitog <\/span><\/span><\/span><\/span><\/p>\n<p align=\"left\"><span style=\"font-family: Courier New, serif;\"><span style=\"font-size: small;\"><span style=\"font-family: Times New Roman, serif;\"><span style=\"font-size: medium;\">zna\u010denja u domeni vatrogastva i za\u0161tite od po\u017eara,<\/span><\/span><\/span><\/span><\/p>\n<p align=\"left\"><span style=\"font-family: Courier New, serif;\"><span style=\"font-size: small;\"><span style=\"font-family: Times New Roman, serif;\"><span style=\"font-size: medium;\">b) Franu \u010cubrani\u0107u iz Rukavca, radi postignu\u0107a i doprinosa od osobitog <\/span><\/span><\/span><\/span><\/p>\n<p align=\"left\"><span style=\"font-family: Courier New, serif;\"><span style=\"font-size: small;\"><span style=\"font-family: Times New Roman, serif;\"><span style=\"font-size: medium;\">zna\u010denja u domeni sporta<\/span><\/span><\/span><\/span><\/p>\n<p align=\"left\"><span style=\"font-family: Courier New, serif;\"><span style=\"font-size: small;\"><span style=\"font-family: Times New Roman, serif;\"><span style=\"font-size: medium;\">c) Vedranu Ru\u017ei\u0107u iz Zvone\u0107e, radi postignu\u0107a i doprinosa od osobitog zna\u010denja u domeni <\/span><\/span><\/span><\/span><\/p>\n<p align=\"left\"><span style=\"font-family: Courier New, serif;\"><span style=\"font-size: small;\"><span style=\"font-family: Times New Roman, serif;\"><span style=\"font-size: medium;\">kulture<\/span><\/span><\/span><\/span><\/p>\n<p align=\"left\"><span style=\"font-family: Courier New, serif;\"><span style=\"font-size: small;\"><span style=\"font-family: Times New Roman, serif;\"><span style=\"font-size: medium;\">d) KUD-u \u201eU\u010dka\u201c Matulji, radi postignu\u0107a i doprinosa od osobitog zna\u010denja u domeni <\/span><\/span><\/span><\/span><\/p>\n<p align=\"left\"><span style=\"font-family: Courier New, serif;\"><span style=\"font-size: small;\"><span style=\"font-family: Times New Roman, serif;\"><span style=\"font-size: medium;\">kulture<\/span><\/span><\/span><\/span><\/p>\n<p class=\"western\" align=\"justify\"><span style=\"font-family: Courier New, serif;\"><span style=\"font-size: small;\"><span style=\"font-family: Times New Roman, serif;\"><span style=\"font-size: medium;\"> Izvjestiteljica: predsjednica Odbora za dru\u0161tvene djelatnosti Op\u0107inskog vije\u0107a Ivana <\/span><\/span><\/span><\/span><\/p>\n<p class=\"western\" align=\"justify\"><span style=\"font-family: Courier New, serif;\"><span style=\"font-size: small;\"><span style=\"font-family: Times New Roman, serif;\"><span style=\"font-size: medium;\">Bratovi\u0107<\/span><\/span><\/span><\/span><\/p>\n<ol start=\"4\">\n<li>\n<p align=\"left\"><span style=\"font-family: Courier New, serif;\"><span style=\"font-size: small;\"><span style=\"font-family: Times New Roman, serif;\"><span style=\"font-size: medium;\"><b>Dono\u0161enje Odluke o utvr\u0111ivanju naknade tro\u0161kova za rad vije\u0107nika i \u010dlanova radnih tijela Op\u0107inskog vije\u0107a Op\u0107ine Matulji<\/b><\/span><\/span><\/span><\/span><\/p>\n<\/li>\n<\/ol>\n<p class=\"western\" align=\"justify\"><span style=\"font-family: Courier New, serif;\"><span style=\"font-size: small;\"><b> <\/b><span style=\"font-family: Times New Roman, serif;\"><span style=\"font-size: medium;\">Izvjestiteljica: pro\u010delnica Jedinstvenog upravnog odjela Biserka Gad\u017eo<\/span><\/span><\/span><\/span><\/p>\n<ol start=\"5\">\n<li>\n<p align=\"left\"><span style=\"font-family: Courier New, serif;\"><span style=\"font-size: small;\"><span style=\"font-family: Times New Roman, serif;\"><span style=\"font-size: medium;\"><b>Dono\u0161enje Odluke o raspore\u0111ivanju sredstava za financiranje politi\u010dkih stranaka i \u010dlanova izabranih s liste grupe bira\u010da u Op\u0107inskom vije\u0107u Op\u0107ine Matulji za 2018. godinu<\/b><\/span><\/span><\/span><\/span><\/p>\n<\/li>\n<\/ol>\n<p class=\"western\" align=\"justify\"><span style=\"font-family: Courier New, serif;\"><span style=\"font-size: small;\"><b> <\/b><span style=\"font-family: Times New Roman, serif;\"><span style=\"font-size: medium;\">Izvjestiteljica: pro\u010delnica Jedinstvenog upravnog odjela Biserka Gad\u017eo<\/span><\/span><\/span><\/span><\/p>\n<ol start=\"6\">\n<li>\n<p align=\"left\"><span style=\"font-family: Courier New, serif;\"><span style=\"font-size: small;\"><span style=\"font-family: Times New Roman, serif;\"><span style=\"font-size: medium;\"><b>Dono\u0161enje Odluke o izmjena i dopunama Odluke o pla\u0107i i drugim pravima Op\u0107inskog na\u010delnika i zamjenika Op\u0107inskog na\u010delnika<\/b><\/span><\/span><\/span><\/span><\/p>\n<\/li>\n<\/ol>\n<p class=\"western\" align=\"justify\"><span style=\"font-family: Courier New, serif;\"><span style=\"font-size: small;\"><span style=\"font-family: Times New Roman, serif;\"><span style=\"font-size: medium;\"> Izvjestiteljica: pro\u010delnica Jedinstvenog upravnog odjela Biserka Gad\u017eo<\/span><\/span><\/span><\/span><\/p>\n<ol start=\"7\">\n<li>\n<p align=\"left\"><span style=\"font-family: Courier New, serif;\"><span style=\"font-size: small;\"><span style=\"font-family: Times New Roman, serif;\"><span style=\"font-size: medium;\"><b>Dono\u0161enje Odluke o izmjenama i dopunama Odluke o komunalnoj naknadi<\/b><\/span><\/span><\/span><\/span><\/p>\n<\/li>\n<\/ol>\n<p class=\"western\" align=\"left\"><span style=\"font-family: Courier New, serif;\"><span style=\"font-size: small;\"><span style=\"font-family: Times New Roman, serif;\"><span style=\"font-size: medium;\"> Izvjestitelj: Predsjednik Op\u0107inskog vije\u0107a Darjan Bukovi\u0107<\/span><\/span><\/span><\/span><\/p>\n<p class=\"western\" align=\"justify\"><span style=\"font-family: Courier New, serif;\"><span style=\"font-size: small;\"><span style=\"font-family: Times New Roman, serif;\"><span style=\"font-size: medium;\"><b>NAPOMENA: Materijal uz to\u010dku 2. predlo\u017eenog dnevnog reda dostaviti \u0107e se vije\u0107nicima Op\u0107inskog vije\u0107a Op\u0107ine Matulji na sjednici vije\u0107a.<\/b><\/span><\/span><\/span><\/span><\/p>\n<p class=\"western\" align=\"justify\"><span style=\"font-family: Courier New, serif;\"><span style=\"font-size: small;\"><span style=\"font-family: Times New Roman, serif;\"><span style=\"font-size: medium;\"> Ukoliko je netko od vije\u0107nika Op\u0107inskog vije\u0107a sprije\u010den prisustvovati zakazanoj sjednici, molimo da svoj nedolazak opravdate tajnici Jedinstvenog upravnog odjela na tel. 274\/114.<\/span><\/span><\/span><\/span><\/p>\n<p align=\"justify\">Kompletan materijal za sjednicu <a href=\"https:\/\/matulji.hr\/pocetna\/wp-content\/uploads\/2018\/01\/10.-sj.O.V2017.zip\">preuzmite ovdje<\/a>.<\/p>\n<p class=\"western\" align=\"right\"><span style=\"font-family: Courier New, serif;\"><span style=\"font-size: small;\"><span style=\"font-family: Times New Roman, serif;\"><span style=\"font-size: medium;\">Predsjednik Op\u0107inskog vije\u0107a<\/span><\/span><\/span><\/span><\/p>\n<p class=\"western\" align=\"right\"><span style=\"font-family: Courier New, serif;\"><span style=\"font-size: small;\"><span style=\"font-family: Times New Roman, serif;\"><span style=\"font-size: medium;\">Darjan Bukovi\u0107, bacc. oec., v.r.<\/span><\/span><\/span><\/span><\/p>\n","protected":false},"excerpt":{"rendered":"<p>REPUBLIKA HRVATSKA PRIMORSKO-GORANSKA \u017dUPANIJA OP\u0106INA MATULJI OP\u0106INSKO VIJE\u0106E KLASA: 021-05\/18-01\/0003 URBROJ: 2156\/04-01-3-02-18-0004 Matulji, 17.01.2018 Na temelju \u010dlanka 34. stavka 1. to\u010dka 3. Statuta Op\u0107ine Matulji(\u201eSlu\u017ebene novine Primorsko- goranske \u017eupanije\u201c, broj: 26\/09 , 38\/09, 17\/14. 29\/14, 4\/15 \u2013 pro\u010di\u0161\u0107eni tekst i 39\/15) S a z i v a m 10. sjednicu Op\u0107inskog vije\u0107a Op\u0107ine Matulji, koja \u0107e se odr\u017eati dana 30. sije\u010dnja 2018. godine (utorak) s po\u010detkom u 17:00 sati, u vije\u0107nici Op\u0107ine Matulji.<\/p>\n","protected":false},"author":2,"featured_media":0,"comment_status":"closed","ping_status":"closed","sticky":false,"template":"","format":"standard","meta":{"footnotes":""},"categories":[3,8],"tags":[],"class_list":["post-2971","post","type-post","status-publish","format-standard","hentry","category-novosti","category-sjednice"],"_links":{"self":[{"href":"https:\/\/matulji.hr\/portal\/wp-json\/wp\/v2\/posts\/2971","targetHints":{"allow":["GET"]}}],"collection":[{"href":"https:\/\/matulji.hr\/portal\/wp-json\/wp\/v2\/posts"}],"about":[{"href":"https:\/\/matulji.hr\/portal\/wp-json\/wp\/v2\/types\/post"}],"author":[{"embeddable":true,"href":"https:\/\/matulji.hr\/portal\/wp-json\/wp\/v2\/users\/2"}],"replies":[{"embeddable":true,"href":"https:\/\/matulji.hr\/portal\/wp-json\/wp\/v2\/comments?post=2971"}],"version-history":[{"count":0,"href":"https:\/\/matulji.hr\/portal\/wp-json\/wp\/v2\/posts\/2971\/revisions"}],"wp:attachment":[{"href":"https:\/\/matulji.hr\/portal\/wp-json\/wp\/v2\/media?parent=2971"}],"wp:term":[{"taxonomy":"category","embeddable":true,"href":"https:\/\/matulji.hr\/portal\/wp-json\/wp\/v2\/categories?post=2971"},{"taxonomy":"post_tag","embeddable":true,"href":"https:\/\/matulji.hr\/portal\/wp-json\/wp\/v2\/tags?post=2971"}],"curies":[{"name":"wp","href":"https:\/\/api.w.org\/{rel}","templated":true}]}}