{"id":2752,"date":"2017-11-17T08:37:28","date_gmt":"2017-11-17T08:37:28","guid":{"rendered":"http:\/\/matulji.hr\/pocetna\/?p=2752"},"modified":"2017-11-17T08:37:28","modified_gmt":"2017-11-17T08:37:28","slug":"planinarski-projekti-za-djecu-i-mlade","status":"publish","type":"post","link":"https:\/\/matulji.hr\/portal\/planinarski-projekti-za-djecu-i-mlade\/","title":{"rendered":"PLANINARSKI PROJEKTI ZA DJECU I MLADE"},"content":{"rendered":"<p><a href=\"https:\/\/matulji.hr\/pocetna\/wp-content\/uploads\/2017\/11\/lisina-7.jpg\"><img loading=\"lazy\" decoding=\"async\" class=\"alignleft size-medium wp-image-2754\" src=\"http:\/\/matulji.hr\/pocetna\/wp-content\/uploads\/2017\/11\/lisina-7-300x169.jpg\" alt=\"\" width=\"300\" height=\"169\" \/><\/a>Op\u0107ina Matulji od ove je godine osigurala u Prora\u010dunu sredstva za planinarske projekte za djecu i mlade kako bi potakla \u0161to ve\u0107e uklju\u010divanje mladih u planinarenje i njihov boravak u prirodi. <!--more--><br \/>\nProjekte provodi Planinarsko dru\u0161tvo Lisina kroz organizaciju cjelodnevnih planinarskih pohoda, a sredstvima se u cijelosti financira autobusni prijevoz za djecu i mlade te voditeljica pohoda. Od po\u010detka \u0161kolske godine je u\u010dlanjeno \u010dak 74 nove djece tako da Dru\u0161tvo sada ima ukupno 84 djece. Ina\u010de, Dru\u0161tvo ima ukupno 181 \u010dlana od \u010dega 97 seniora i 84 djece.<br \/>\nDo sada su osvojili vrhove Raba, Veliku Paklenicu i Manitu Pe\u0107. Robert Koprivnjak, Milo\u0161 Vrenc, Klaudio Jeleni\u0107 i voditeljica djece prof. Gordana Begi\u0107 dostavili su nam nekoliko fotografija. U\u017eivajte u <a href=\"https:\/\/www.flickr.com\/photos\/135019050@N02\/albums\/72157662737143038\">fotografijama<\/a>, a svim \u010dlanvima Dru\u0161tva \u017eelimo osvajanje puno novih vrhova!<br \/>\n&nbsp;<\/p>\n","protected":false},"excerpt":{"rendered":"<p>Op\u0107ina Matulji od ove je godine osigurala u Prora\u010dunu sredstva za planinarske projekte za djecu i mlade kako bi potakla \u0161to ve\u0107e uklju\u010divanje mladih u planinarenje i njihov boravak u prirodi.<\/p>\n","protected":false},"author":2,"featured_media":0,"comment_status":"closed","ping_status":"closed","sticky":false,"template":"","format":"standard","meta":{"footnotes":""},"categories":[3],"tags":[],"class_list":["post-2752","post","type-post","status-publish","format-standard","hentry","category-novosti"],"_links":{"self":[{"href":"https:\/\/matulji.hr\/portal\/wp-json\/wp\/v2\/posts\/2752","targetHints":{"allow":["GET"]}}],"collection":[{"href":"https:\/\/matulji.hr\/portal\/wp-json\/wp\/v2\/posts"}],"about":[{"href":"https:\/\/matulji.hr\/portal\/wp-json\/wp\/v2\/types\/post"}],"author":[{"embeddable":true,"href":"https:\/\/matulji.hr\/portal\/wp-json\/wp\/v2\/users\/2"}],"replies":[{"embeddable":true,"href":"https:\/\/matulji.hr\/portal\/wp-json\/wp\/v2\/comments?post=2752"}],"version-history":[{"count":0,"href":"https:\/\/matulji.hr\/portal\/wp-json\/wp\/v2\/posts\/2752\/revisions"}],"wp:attachment":[{"href":"https:\/\/matulji.hr\/portal\/wp-json\/wp\/v2\/media?parent=2752"}],"wp:term":[{"taxonomy":"category","embeddable":true,"href":"https:\/\/matulji.hr\/portal\/wp-json\/wp\/v2\/categories?post=2752"},{"taxonomy":"post_tag","embeddable":true,"href":"https:\/\/matulji.hr\/portal\/wp-json\/wp\/v2\/tags?post=2752"}],"curies":[{"name":"wp","href":"https:\/\/api.w.org\/{rel}","templated":true}]}}