{"id":2640,"date":"2017-10-18T00:05:44","date_gmt":"2017-10-18T00:05:44","guid":{"rendered":"http:\/\/matulji.hr\/pocetna\/?p=2640"},"modified":"2017-10-18T00:05:44","modified_gmt":"2017-10-18T00:05:44","slug":"ciklus-radionica-za-privatne-iznajmljivace","status":"publish","type":"post","link":"https:\/\/matulji.hr\/portal\/ciklus-radionica-za-privatne-iznajmljivace\/","title":{"rendered":"CIKLUS RADIONICA ZA PRIVATNE IZNAJMLJIVA\u010cE"},"content":{"rendered":"<p class=\"western\" lang=\"en-AU\" align=\"justify\"><span style=\"color: #000000;\"><span style=\"font-size: medium;\"><span lang=\"hr-HR\"><a href=\"https:\/\/matulji.hr\/pocetna\/wp-content\/uploads\/2015\/08\/obavijest_matulji.jpg\"><img loading=\"lazy\" decoding=\"async\" class=\"alignleft size-medium wp-image-802\" src=\"http:\/\/matulji.hr\/pocetna\/wp-content\/uploads\/2015\/08\/obavijest_matulji-300x158.jpg\" alt=\"\" width=\"300\" height=\"158\" \/><\/a>Turisti\u010dka zajednica op\u0107ine Matulji tijekom mjeseca listopada, studenog i prosinca organizira edukacije za privatne iznajmljiva\u010de koji uredno podmiruju svoje obveze i to kako slijedi:<\/span><\/span><\/span><!--more--><\/p>\n<ul>\n<li>\n<p lang=\"en-AU\" align=\"justify\"><span style=\"color: #000000;\"><span style=\"font-size: medium;\"><span lang=\"hr-HR\">Petak, 27.10., 18 sati, Vije\u0107nica op\u0107ine Matulji <\/span><\/span><\/span><\/p>\n<\/li>\n<\/ul>\n<p lang=\"en-AU\" align=\"justify\"><span style=\"color: #000000;\"><span style=\"font-size: medium;\"><span lang=\"hr-HR\">Radionica \u201eUre\u0111enje kapaciteta za iznajmljivanje\u201c<\/span><\/span><\/span><\/p>\n<ul>\n<li>\n<p lang=\"en-AU\" align=\"justify\"><span style=\"color: #000000;\"><span style=\"font-size: medium;\"><span lang=\"hr-HR\">Petak, 03.11., 18 sati, Vije\u0107nica op\u0107ine Matulji <\/span><\/span><\/span><\/p>\n<\/li>\n<\/ul>\n<p lang=\"en-AU\" align=\"justify\"><span style=\"color: #000000;\"><span style=\"font-size: medium;\"><span lang=\"hr-HR\">Radionica \u201e Ekolo\u0161ko odr\u017eavanje kapaciteta za iznajmljivanje\u201c<\/span><\/span><\/span><\/p>\n<ul>\n<li>\n<p lang=\"en-AU\" align=\"justify\"><span style=\"color: #000000;\"><span style=\"font-size: medium;\"><span lang=\"hr-HR\">Utorak, 07.11., 18 sati, Vije\u0107nica op\u0107ine Matulji <\/span><\/span><\/span><\/p>\n<\/li>\n<\/ul>\n<p lang=\"en-AU\" align=\"justify\"><span style=\"color: #000000;\"><span style=\"font-size: medium;\"><span lang=\"hr-HR\">Radionica \u201e<\/span><\/span><\/span><span style=\"font-size: medium;\"><span lang=\"it-IT\">Kvalitetnom fotografijom do tisu\u0107u online pregleda i vi\u0161e posjeta<\/span><\/span><span style=\"color: #000000;\"><span style=\"font-size: medium;\"><span lang=\"hr-HR\">\u201c<\/span><\/span><\/span><\/p>\n<ul>\n<li>\n<p lang=\"en-AU\" align=\"justify\"><span style=\"color: #000000;\"><span style=\"font-size: medium;\"><span lang=\"hr-HR\">Petak, 17.11., 18 sati, Vije\u0107nica op\u0107ine Matulji <\/span><\/span><\/span><\/p>\n<\/li>\n<\/ul>\n<p lang=\"en-AU\" align=\"justify\"><span style=\"color: #000000;\"><span style=\"font-size: medium;\"><span lang=\"hr-HR\">Radionica \u201eIzgradnja bazena, te prednosti kori\u0161tenja\u201c<\/span><\/span><\/span><\/p>\n<ul>\n<li>\n<p lang=\"en-AU\" align=\"justify\"><span style=\"color: #000000;\"><span style=\"font-size: medium;\"><span lang=\"hr-HR\">Te\u010daj engleskog jezika po\u010dinje 10.11. i odr\u017eava se i 14.11., 21.11., 24.11., 28.11., 01.12. i 05.12 od 18 \u2013 20 sati.<\/span><\/span><\/span><\/p>\n<\/li>\n<\/ul>\n<p class=\"western\" lang=\"en-AU\" align=\"justify\"><span style=\"color: #000000;\"><span style=\"font-size: medium;\"><span lang=\"hr-HR\">Tako\u0111er se ove subote, 21.10. od 10 \u2013 14 sati odr\u017eavaju i Dani otvorenih vrata privatnih iznajmljiva\u010da za sve postoje\u0107e ali i potencijalne pru\u017eatelje usluga ne samo s podru\u010dja op\u0107ine Matulji. <\/span><\/span><\/span><\/p>\n<p class=\"western\" lang=\"en-AU\" align=\"justify\"><span style=\"color: #000000;\"><span style=\"font-size: medium;\"><span lang=\"hr-HR\">Svoja vrata u ovoj akciji otvoriti \u0107e privatni iznajmljiva\u010di Tancabel Kristijan, \u0160kalni\u0161ki 2, Surina Vitomir i \u017deljka, Rupa 73 i \u017deljko Smoljak, Ku\u0107eli Miheli\u0107i 1.<\/span><\/span><\/span><\/p>\n","protected":false},"excerpt":{"rendered":"<p>Turisti\u010dka zajednica op\u0107ine Matulji tijekom mjeseca listopada, studenog i prosinca organizira edukacije za privatne iznajmljiva\u010de koji uredno podmiruju svoje obveze i to kako slijedi:<\/p>\n","protected":false},"author":2,"featured_media":0,"comment_status":"closed","ping_status":"closed","sticky":false,"template":"","format":"standard","meta":{"footnotes":""},"categories":[3],"tags":[],"class_list":["post-2640","post","type-post","status-publish","format-standard","hentry","category-novosti"],"_links":{"self":[{"href":"https:\/\/matulji.hr\/portal\/wp-json\/wp\/v2\/posts\/2640","targetHints":{"allow":["GET"]}}],"collection":[{"href":"https:\/\/matulji.hr\/portal\/wp-json\/wp\/v2\/posts"}],"about":[{"href":"https:\/\/matulji.hr\/portal\/wp-json\/wp\/v2\/types\/post"}],"author":[{"embeddable":true,"href":"https:\/\/matulji.hr\/portal\/wp-json\/wp\/v2\/users\/2"}],"replies":[{"embeddable":true,"href":"https:\/\/matulji.hr\/portal\/wp-json\/wp\/v2\/comments?post=2640"}],"version-history":[{"count":0,"href":"https:\/\/matulji.hr\/portal\/wp-json\/wp\/v2\/posts\/2640\/revisions"}],"wp:attachment":[{"href":"https:\/\/matulji.hr\/portal\/wp-json\/wp\/v2\/media?parent=2640"}],"wp:term":[{"taxonomy":"category","embeddable":true,"href":"https:\/\/matulji.hr\/portal\/wp-json\/wp\/v2\/categories?post=2640"},{"taxonomy":"post_tag","embeddable":true,"href":"https:\/\/matulji.hr\/portal\/wp-json\/wp\/v2\/tags?post=2640"}],"curies":[{"name":"wp","href":"https:\/\/api.w.org\/{rel}","templated":true}]}}