{"id":2626,"date":"2017-10-16T14:42:58","date_gmt":"2017-10-16T14:42:58","guid":{"rendered":"http:\/\/matulji.hr\/pocetna\/?p=2626"},"modified":"2017-10-16T14:42:58","modified_gmt":"2017-10-16T14:42:58","slug":"6-sjednica-opcinskog-vijeca-opcine-matulji-3","status":"publish","type":"post","link":"https:\/\/matulji.hr\/portal\/6-sjednica-opcinskog-vijeca-opcine-matulji-3\/","title":{"rendered":"6. SJEDNICA OP\u0106INSKOG VIJE\u0106A OP\u0106INE MATULJI"},"content":{"rendered":"<p><strong><a href=\"https:\/\/matulji.hr\/pocetna\/wp-content\/uploads\/2013\/12\/sjednica_vijeca.jpg\"><img loading=\"lazy\" decoding=\"async\" class=\"alignleft size-medium wp-image-609\" src=\"http:\/\/matulji.hr\/pocetna\/wp-content\/uploads\/2013\/12\/sjednica_vijeca-300x160.jpg\" alt=\"\" width=\"300\" height=\"160\" \/><\/a>OP\u0106INA MATULJI<\/strong><br \/>\n<strong>OP\u0106INSKO VIJE\u0106E<\/strong><br \/>\n<strong>KLASA: 021-05\/17-01\/0011<\/strong><br \/>\n<strong>URBROJ: 2156\/04-01-3-02-17-0001<\/strong><br \/>\n<strong>Matulji, 16.10.2017.<\/strong><\/p>\n<p class=\"western\">Na temelju \u010dlanka 34. stavka 1. to\u010dke 3. Statuta Op\u0107ine Matulji (\u201eSlu\u017ebene novine Primorsko \u2013 goranske \u017eupanije\u201c, broj 26\/09, 38\/09, 8\/13, 17\/14, 29\/14 i 39\/15)<\/p>\n<p class=\"western\" align=\"center\"><b>S a z i v a m<\/b><\/p>\n<p class=\"western\" align=\"justify\"><b>6. sjednicu OP\u0106INSKOG VIJE\u0106A Op\u0107ine Matulji, <\/b>koja \u0107e se odr\u017eati dana <b>26. listopada 2017. godine<\/b> (<b>\u010detvrtak)<\/b> s po\u010detkom u <b>17:00<\/b> sati u vije\u0107nici Op\u0107ine Matulji.<!--more--><\/p>\n<p class=\"western\" align=\"justify\"><b>1. Dono\u0161enje Odluke o izmjeni Odluke o raspodjeli rezultata poslovanja za 2016. godinu<\/b><\/p>\n<p class=\"western\" align=\"justify\">Izvjestitelji: Op\u0107inski na\u010delnik Op\u0107ine Matulji Mario \u0106ikovi\u0107 i voditeljica Odsjeka za prora\u010dun i financije Helena Stani\u0107<\/p>\n<p class=\"western\" align=\"justify\"><b>2. Dono\u0161enje II. Izmjene i dopune Programa odr\u017eavanja komunalne infrastrukture za 2017. godinu<\/b><\/p>\n<p class=\"western\" align=\"justify\">Izvjestitelji: Op\u0107inski na\u010delnik Op\u0107ine Matulji Mario \u0106ikovi\u0107 i voditelj Odsjeka za komunalni sustav Ronald Puhari\u0107<\/p>\n<p class=\"western\" align=\"justify\"><b>3. Dono\u0161enje II. Izmjene i dopune Programa gradnje objekata i ure\u0111aja komunalne infrastrukture za 2017. godinu<\/b><\/p>\n<p class=\"western\" align=\"justify\">Izvjestitelji: Op\u0107inski na\u010delnik Op\u0107ine Matulji Mario \u0106ikovi\u0107 i voditelj Odsjeka za komunalni sustav Ronald Puhari\u0107<\/p>\n<p class=\"western\" align=\"justify\"><b>4. Dono\u0161enje I. Izmjena i dopuna Prora\u010duna Op\u0107ine Matulji za 2017. godinu i Projekcije za 2018. \u2013 2019. godinu<\/b><\/p>\n<p class=\"western\" align=\"justify\">Izvjestitelji: Op\u0107inski na\u010delnik Op\u0107ine Matulji Mario \u0106ikovi\u0107 i voditeljica Odsjeka za prora\u010dun i financije Helena Stani\u0107<\/p>\n<p class=\"western\" align=\"justify\"><b>5.Dono\u0161enje izmjene i dopune Pravilnika o provedbi postupka jednostavne nabave roba,radova i usluga<\/b><\/p>\n<p class=\"western\" align=\"justify\">Izvjestitelj: predsjednik stru\u010dnog tijela za izradu Pravilnika o provedbi postupka jednostavne nabave roba,radova i usluga Darjan Bukovi\u0107<\/p>\n<p class=\"western\" align=\"justify\"><b>6. Dono\u0161enje Odluke o vrijednosti boda komunalne naknade<\/b><\/p>\n<p class=\"western\" align=\"justify\">Izvjestitelji: Op\u0107inski na\u010delnik Op\u0107ine Matulji Mario \u0106ikovi\u0107 i voditelj Odsjeka za komunalni sustav Ronald Puhari\u0107<\/p>\n<p class=\"western\" align=\"justify\"><b>7. Dono\u0161enje Odluke o uskla\u0111enju Prostornog plana ure\u0111enja Op\u0107ine Matulji sa Zakonom o prostornom ure\u0111enju<\/b><\/p>\n<p class=\"western\" align=\"justify\">Izvjestitelji: Op\u0107inski na\u010delnik Op\u0107ine Matulji Mario \u0106ikovi\u0107,vi\u0161a stru\u010dna suradnica za prostorno ure\u0111enje Smiljana Veselinovi\u0107 i Tatjana Rakovac iz Urbanisti\u010dkog studia Rijeka d.o.o.izra\u0111iva\u010d plana<\/p>\n<p class=\"western\" align=\"justify\"><b>8. Prijedlog Odluke u imovinsko pravnom predmetu Mario Maljavac <\/b><\/p>\n<p class=\"western\" align=\"justify\">Izvjestitelj: predsjednik Odbora za poslovni prostor, stambene poslove i imovinsko pravna pitanja Vedran Kinkela<\/p>\n<p class=\"western\" align=\"justify\"><b>9. Dono\u0161enje Odluke o ukidanju statusa javnog dobra na z.\u010d. 4674\/4 k.o. Pu\u017ei<\/b><\/p>\n<p class=\"western\" align=\"justify\">Izvjestitelj: predsjednik Odbora za poslovni prostor, stambene poslove i imovinsko pravna pitanja Vedran Kinkela<\/p>\n<p class=\"western\" align=\"justify\"><b>10. Dono\u0161enje Odluke o prodaji gr\u010d. 204 k.o. Ju\u0161i\u0107i<\/b><\/p>\n<p class=\"western\" align=\"justify\">Izvjestitelj: Op\u0107inski na\u010delnik Op\u0107ine Matulji Mario \u0106ikovi\u0107<\/p>\n<p class=\"western\" align=\"justify\"><b>11. Izvje\u0161\u0107e o kori\u0161tenju prora\u010dunskih zaliha od sije\u010dnja do lipnja 2017.<\/b><\/p>\n<p class=\"western\" align=\"justify\">Izvjestitelj: Op\u0107inski na\u010delnik Op\u0107ine Matulji Mario \u0106ikovi\u0107<\/p>\n<p class=\"western\">Ukoliko je netko od vije\u0107nika Op\u0107inskog vije\u0107a sprije\u010den prisustvovati zakazanoj sjednici molimo da svoj nedolazak opravdate tajnici Jedinstvenog upravnog odjela na broj telefona 274-114.<\/p>\n<p><a href=\"https:\/\/matulji.hr\/pocetna\/wp-content\/uploads\/2014\/08\/zip.png\"><img loading=\"lazy\" decoding=\"async\" class=\"alignleft size-full wp-image-273\" src=\"http:\/\/matulji.hr\/pocetna\/wp-content\/uploads\/2014\/08\/zip.png\" alt=\"\" width=\"36\" height=\"39\" \/><\/a>Kompletne materijale za sjednicu preuzimte na ovom <a href=\"https:\/\/matulji.hr\/downloads\/6_sjednica_ov_2017.zip\">linku<\/a>&#8230;<\/p>\n<p style=\"text-align: right;\">Predsjednik Op\u0107inskog vije\u0107a:<\/p>\n<p style=\"text-align: right;\">Darjan Bukovi\u0107, bacc. oec., v.r.<\/p>\n","protected":false},"excerpt":{"rendered":"<p>OP\u0106INA MATULJI OP\u0106INSKO VIJE\u0106E KLASA: 021-05\/17-01\/0011 URBROJ: 2156\/04-01-3-02-17-0001 Matulji, 16.10.2017. Na temelju \u010dlanka 34. stavka 1. to\u010dke 3. Statuta Op\u0107ine Matulji (\u201eSlu\u017ebene novine Primorsko \u2013 goranske \u017eupanije\u201c, broj 26\/09, 38\/09, 8\/13, 17\/14, 29\/14 i 39\/15) S a z i v a m 6. sjednicu OP\u0106INSKOG VIJE\u0106A Op\u0107ine Matulji, koja \u0107e se odr\u017eati dana 26. listopada 2017. godine (\u010detvrtak) s po\u010detkom u 17:00 sati u vije\u0107nici Op\u0107ine Matulji.<\/p>\n","protected":false},"author":2,"featured_media":0,"comment_status":"closed","ping_status":"closed","sticky":false,"template":"","format":"standard","meta":{"footnotes":""},"categories":[3,8],"tags":[],"class_list":["post-2626","post","type-post","status-publish","format-standard","hentry","category-novosti","category-sjednice"],"_links":{"self":[{"href":"https:\/\/matulji.hr\/portal\/wp-json\/wp\/v2\/posts\/2626","targetHints":{"allow":["GET"]}}],"collection":[{"href":"https:\/\/matulji.hr\/portal\/wp-json\/wp\/v2\/posts"}],"about":[{"href":"https:\/\/matulji.hr\/portal\/wp-json\/wp\/v2\/types\/post"}],"author":[{"embeddable":true,"href":"https:\/\/matulji.hr\/portal\/wp-json\/wp\/v2\/users\/2"}],"replies":[{"embeddable":true,"href":"https:\/\/matulji.hr\/portal\/wp-json\/wp\/v2\/comments?post=2626"}],"version-history":[{"count":0,"href":"https:\/\/matulji.hr\/portal\/wp-json\/wp\/v2\/posts\/2626\/revisions"}],"wp:attachment":[{"href":"https:\/\/matulji.hr\/portal\/wp-json\/wp\/v2\/media?parent=2626"}],"wp:term":[{"taxonomy":"category","embeddable":true,"href":"https:\/\/matulji.hr\/portal\/wp-json\/wp\/v2\/categories?post=2626"},{"taxonomy":"post_tag","embeddable":true,"href":"https:\/\/matulji.hr\/portal\/wp-json\/wp\/v2\/tags?post=2626"}],"curies":[{"name":"wp","href":"https:\/\/api.w.org\/{rel}","templated":true}]}}