{"id":2403,"date":"2017-07-28T23:37:41","date_gmt":"2017-07-28T23:37:41","guid":{"rendered":"http:\/\/matulji.hr\/pocetna\/?p=2403"},"modified":"2017-07-28T23:37:41","modified_gmt":"2017-07-28T23:37:41","slug":"koncert-zenske-klape-rozice-odrzat-ce-se-18-kolovoza","status":"publish","type":"post","link":"https:\/\/matulji.hr\/portal\/koncert-zenske-klape-rozice-odrzat-ce-se-18-kolovoza\/","title":{"rendered":"KONCERT \u017dENSKE KLAPE RO\u017dICE ODR\u017dAT \u0106E SE 18. KOLOVOZA"},"content":{"rendered":"<p><a href=\"https:\/\/matulji.hr\/pocetna\/wp-content\/uploads\/2015\/08\/obavijest_matulji.jpg\"><img loading=\"lazy\" decoding=\"async\" class=\"alignleft size-medium wp-image-802\" src=\"http:\/\/matulji.hr\/pocetna\/wp-content\/uploads\/2015\/08\/obavijest_matulji-300x158.jpg\" alt=\"\" width=\"300\" height=\"158\" \/><\/a>KONCERT \u017dENSKE KLAPE \u201eRO\u017dICE\u201c \u0160APJANE KOJI JE BIO NAJAVLJIVAN ZA 28.08.2017. ODGA\u0110A SE TE \u0106E SE ODR\u017dATI U AMFITEATRU 18.08.2017. GODINE.<br \/>\nOp\u0107ina Matulji i \u017denska klapa \u201eRo\u017eice\u201c<\/p>\n","protected":false},"excerpt":{"rendered":"<p>KONCERT \u017dENSKE KLAPE \u201eRO\u017dICE\u201c \u0160APJANE KOJI JE BIO NAJAVLJIVAN ZA 28.08.2017. ODGA\u0110A SE TE \u0106E SE ODR\u017dATI U AMFITEATRU 18.08.2017. GODINE. Op\u0107ina Matulji i \u017denska klapa \u201eRo\u017eice\u201c<\/p>\n","protected":false},"author":2,"featured_media":0,"comment_status":"closed","ping_status":"closed","sticky":false,"template":"","format":"standard","meta":{"footnotes":""},"categories":[2,3],"tags":[],"class_list":["post-2403","post","type-post","status-publish","format-standard","hentry","category-kalendar-dogadjanja","category-novosti"],"_links":{"self":[{"href":"https:\/\/matulji.hr\/portal\/wp-json\/wp\/v2\/posts\/2403","targetHints":{"allow":["GET"]}}],"collection":[{"href":"https:\/\/matulji.hr\/portal\/wp-json\/wp\/v2\/posts"}],"about":[{"href":"https:\/\/matulji.hr\/portal\/wp-json\/wp\/v2\/types\/post"}],"author":[{"embeddable":true,"href":"https:\/\/matulji.hr\/portal\/wp-json\/wp\/v2\/users\/2"}],"replies":[{"embeddable":true,"href":"https:\/\/matulji.hr\/portal\/wp-json\/wp\/v2\/comments?post=2403"}],"version-history":[{"count":0,"href":"https:\/\/matulji.hr\/portal\/wp-json\/wp\/v2\/posts\/2403\/revisions"}],"wp:attachment":[{"href":"https:\/\/matulji.hr\/portal\/wp-json\/wp\/v2\/media?parent=2403"}],"wp:term":[{"taxonomy":"category","embeddable":true,"href":"https:\/\/matulji.hr\/portal\/wp-json\/wp\/v2\/categories?post=2403"},{"taxonomy":"post_tag","embeddable":true,"href":"https:\/\/matulji.hr\/portal\/wp-json\/wp\/v2\/tags?post=2403"}],"curies":[{"name":"wp","href":"https:\/\/api.w.org\/{rel}","templated":true}]}}