{"id":13575,"date":"2026-09-04T17:31:18","date_gmt":"2026-09-04T15:31:18","guid":{"rendered":"https:\/\/matulji.hr\/portal\/?p=13575"},"modified":"2026-09-04T17:31:18","modified_gmt":"2026-09-04T15:31:18","slug":"11-sjednica-opcinskog-vijeca-opcine-matulji-4","status":"publish","type":"post","link":"https:\/\/matulji.hr\/portal\/11-sjednica-opcinskog-vijeca-opcine-matulji-4\/","title":{"rendered":"11. SJEDNICA OP\u0106INSKOG VIJE\u0106A OP\u0106INE MATULJI"},"content":{"rendered":"\n<p class=\"wp-block-paragraph\">Na temelju \u010dlanka 34. stavka 1. to\u010dka 3. Statuta Op\u0107ine Matulji (\u201eSlu\u017ebene novine Primorsko- goranske \u017eupanije\u201c broj 26\/09, 38\/09, 8\/13, 17\/14, 29\/14, 4\/15 \u2013 pro\u010di\u0161\u0107eni tekst 39\/15, 07\/18, 6\/21, 23\/21 i 36\/23)<\/p>\n\n\n\n<p class=\"has-text-align-center wp-block-paragraph\"><strong>S a z i v a m<\/strong><\/p>\n\n\n\n<p class=\"has-text-align-center wp-block-paragraph\"><strong>11. sjednicu Op\u0107inskog vije\u0107a Op\u0107ine Matulji,<\/strong> koja \u0107e se odr\u017eati dana <strong>16.09.2026. godine<\/strong>&nbsp;(srijeda) s po\u010detkom u&nbsp;<strong>17,00 sati&nbsp;u vije\u0107nici Op\u0107ine Matulji.<\/strong><\/p>\n\n\n\n<p class=\"wp-block-paragraph\">Za sjednicu se predla\u017ee:<\/p>\n\n\n\n<p class=\"has-text-align-center wp-block-paragraph\"><em><strong>DNEVNI RED:<\/strong><\/em><\/p>\n\n\n\n<ol class=\"wp-block-list\">\n<li><em><strong>Izvje\u0161\u0107e o poslovanju Turisti\u010dke zajednice Op\u0107ine Matulji za 2025. godinu<\/strong><\/em><\/li>\n<\/ol>\n\n\n\n<p class=\"wp-block-paragraph\"><em>Izvjestitelj: Direktorica Turisti\u010dke zajednice Marina Vuji\u010di\u0107<\/em><\/p>\n\n\n\n<ol start=\"2\" class=\"wp-block-list\">\n<li><em><strong>Prijedlog Odluke o izmjeni Odluke o socijalnoj skrbi<\/strong><\/em><\/li>\n<\/ol>\n\n\n\n<p class=\"wp-block-paragraph\"><em>Izvjestitelji: Op\u0107inska na\u010delnica Ingrid Debeuc i pro\u010delnica Upravnog odjela za samoupravu i upravu Irena Gau\u0161<\/em><\/p>\n\n\n\n<ol start=\"3\" class=\"wp-block-list\">\n<li><em><strong>Prijedlog Pravilnika o provedbi postupaka jednostavne nabave<\/strong><\/em><\/li>\n<\/ol>\n\n\n\n<p class=\"wp-block-paragraph\"><em>Izvjestitelji: Op\u0107inska na\u010delnica Ingrid Debeuc i pro\u010delnica Upravnog odjela za samoupravu i upravu Irena Gau\u0161<\/em><\/p>\n\n\n\n<ol start=\"4\" class=\"wp-block-list\">\n<li><em><strong>Prijedlog Odluke o izboru najpovoljnijeg ponuditelja za kupnju nekretnine k.\u010d.br. 187\/2 K.O. Mihoti\u0107i<\/strong><\/em><\/li>\n<\/ol>\n\n\n\n<p class=\"wp-block-paragraph\"><em>Izvjestitelji: Op\u0107inska na\u010delnica Ingrid Debeuc i pro\u010delnik Upravnog odjela za komunalni sustav Josip Kordi\u0107<\/em><\/p>\n\n\n\n<ol start=\"5\" class=\"wp-block-list\">\n<li><em><strong>Prijedlog Odluke o pokretanju postupka cijepanja nekretnine u svrhu ukidanja statusa javnog dobra na dijelu k.\u010d. 290 k.o. Rukavac Donji<\/strong><\/em><\/li>\n<\/ol>\n\n\n\n<p class=\"wp-block-paragraph\"><em>Izvjestitelji: Op\u0107inska na\u010delnica Ingrid Debeuc i pro\u010delnik Upravnog odjela za komunalni sustav Josip Kordi\u0107<\/em><\/p>\n\n\n\n<ol start=\"6\" class=\"wp-block-list\">\n<li><em><strong>Prijedlog Odluke o ukidanju statusa javnog dobra na k.\u010d. 3748\/3 u K.O. Lipa<\/strong><\/em><\/li>\n<\/ol>\n\n\n\n<p class=\"wp-block-paragraph\"><em>Izvjestitelji: Op\u0107inska na\u010delnica Ingrid Debeuc i pro\u010delnik Upravnog odjela za komunalni sustav Josip Kordi\u0107<\/em><\/p>\n\n\n\n<ol start=\"7\" class=\"wp-block-list\">\n<li><em><strong>Prijedlog Odluke o pokretanju postupka cijepanja nekretnine u svrhu ukidanja statusa javnog dobra na dijelu k.\u010d. 1311\/71 k.o. Ju\u0161i\u0107i<\/strong><\/em><\/li>\n<\/ol>\n\n\n\n<p class=\"wp-block-paragraph\"><em>Izvjestitelji: Op\u0107inska na\u010delnica Ingrid Debeuc i pro\u010delnik Upravnog odjela za komunalni sustav Josip Kordi\u0107<\/em><\/p>\n\n\n\n<ol start=\"8\" class=\"wp-block-list\">\n<li><em><strong>Prijedlog Odluke o pokretanju postupka cijepanja nekretnine u svrhu ukidanja statusa javnog dobra na dijelu k.\u010d. 1917\/2 K.O. Matulji<\/strong><\/em><\/li>\n<\/ol>\n\n\n\n<p class=\"wp-block-paragraph\"><em>Izvjestitelji: Op\u0107inska na\u010delnica Ingrid Debeuc i pro\u010delnik Upravnog odjela za komunalni sustav Josip Kordi\u0107<\/em><\/p>\n\n\n\n<ol start=\"9\" class=\"wp-block-list\">\n<li><em><strong>Prijedlog Odluke o pokretanju postupka cijepanja nekretnine u svrhu ukidanja statusa javnog dobra na dijelu k.\u010d. 145\/2 k.o. Rukavac Donji<\/strong><\/em><\/li>\n<\/ol>\n\n\n\n<p class=\"wp-block-paragraph\"><em>Izvjestitelji: Op\u0107inska na\u010delnica Ingrid Debeuc i pro\u010delnik Upravnog odjela za komunalni sustav Josip Kordi\u0107<\/em><\/p>\n\n\n\n<ol start=\"10\" class=\"wp-block-list\">\n<li><em><strong>Prijedlog Odluke o pokretanju postupka cijepanja nekretnine u svrhu ukidanja statusa javnog dobra na dijelu k.\u010d. 3748\/1 k.o. Lipa<\/strong><\/em><\/li>\n<\/ol>\n\n\n\n<p class=\"wp-block-paragraph\"><em>Izvjestitelji: Op\u0107inska na\u010delnica Ingrid Debeuc i pro\u010delnik Upravnog odjela za komunalni sustav Josip Kordi\u0107<\/em><\/p>\n\n\n\n<ol start=\"11\" class=\"wp-block-list\">\n<li><em><strong>Prijedlog Odluke o ukidanju statusa javnog dobra na k.\u010d. 2128\/8, k.\u010d. 2169 i k.\u010d. 2171\/2 k.o. Matulji<\/strong><\/em><\/li>\n<\/ol>\n\n\n\n<p class=\"wp-block-paragraph\"><em>Izvjestitelji: Op\u0107inska na\u010delnica Ingrid Debeuc i pro\u010delnik Upravnog odjela za komunalni sustav Josip Kordi\u0107<\/em><\/p>\n\n\n\n<ol start=\"12\" class=\"wp-block-list\">\n<li><em><strong>Prijedlog Odluke o raspisivanju izbora za \u010dlanove Vije\u0107a mjesnih odbora na podru\u010dju Op\u0107ine Matulji<\/strong><\/em><\/li>\n<\/ol>\n\n\n\n<p class=\"wp-block-paragraph\"><em>Izvjestitelj: Op\u0107inska na\u010delnica Ingrid Debeuc<\/em><\/p>\n\n\n\n<p class=\"wp-block-paragraph\"><em>Predla\u017ee se Op\u0107inskom vije\u0107u, sukladno \u010dlanku 29. Poslovnika Op\u0107inskog vije\u0107a Op\u0107ine Matulji dodatna to\u010dka dnevnog reda koja glasi:<\/em><\/p>\n\n\n\n<ol start=\"13\" class=\"wp-block-list\">\n<li><em><strong>Prijedlog Odluke o davanju prethodne suglasnosti na Pravilnik o unutarnjem ustrojstvu i na\u010dinu rada<\/strong><\/em><em><strong>Dje\u010djeg vrti\u0107a Matulji<\/strong><\/em><\/li>\n<\/ol>\n\n\n\n<p class=\"wp-block-paragraph\"><em>Izvjestitelj: Ravnateljica Dje\u010djeg vrti\u0107a Matulji Adela Karlov\u010dan<\/em><\/p>\n\n\n\n<p class=\"wp-block-paragraph\">Sukladno \u010dlanku 63. Poslovnika Op\u0107inskog vije\u0107a Op\u0107ine Matulji na predlo\u017eeni dnevni red mo\u017ee se podnijeti pisani prigovor najkasnije do 15.09.2026. godine.<\/p>\n\n\n\n<p class=\"wp-block-paragraph\">Eventualni amandmani na to\u010dke dnevnog reda, sukladno \u010dlanku 38. Poslovnika Op\u0107inskog vije\u0107a Op\u0107ine Matulji, mogu se podnijeti u pisanom obliku uz obrazlo\u017eenje najkasnije&nbsp;<strong>3 dana prije odr\u017eavanja sjednice<\/strong>.<\/p>\n\n\n\n<p class=\"wp-block-paragraph\">Materijali za sjednicu vije\u0107a dostupni su <a href=\"https:\/\/opcina-matulji.esjednice.hr\/#1\/15\"><strong>OVDJE <\/strong><\/a><\/p>\n\n\n\n<p class=\"wp-block-paragraph\">OP\u0106INSKO VIJE\u0106E OP\u0106INE MATULJI<\/p>\n\n\n\n<p class=\"wp-block-paragraph\">Predsjednica Op\u0107inskog vije\u0107a<strong><br>Iva Letina<\/strong><\/p>\n","protected":false},"excerpt":{"rendered":"<p>Na temelju \u010dlanka 34. stavka 1. to\u010dka 3. Statuta Op\u0107ine Matulji (\u201eSlu\u017ebene novine Primorsko- goranske \u017eupanije\u201c broj 26\/09, 38\/09, 8\/13, 17\/14, 29\/14, 4\/15 \u2013 pro\u010di\u0161\u0107eni tekst 39\/15, 07\/18, 6\/21, 23\/21 i 36\/23) S a z i v a m 11. sjednicu Op\u0107inskog vije\u0107a Op\u0107ine Matulji, koja \u0107e se odr\u017eati dana 16.09.2026. godine&nbsp;(srijeda) s po\u010detkom u&nbsp;17,00 sati&nbsp;u vije\u0107nici Op\u0107ine Matulji. Za sjednicu se predla\u017ee: DNEVNI RED: Izvjestitelj: Direktorica Turisti\u010dke zajednice Marina Vuji\u010di\u0107 Izvjestitelji: Op\u0107inska na\u010delnica Ingrid Debeuc i pro\u010delnica Upravnog odjela za samoupravu i upravu Irena Gau\u0161 Izvjestitelji: Op\u0107inska na\u010delnica Ingrid&#8230; <\/p>\n","protected":false},"author":3,"featured_media":8756,"comment_status":"closed","ping_status":"","sticky":false,"template":"","format":"standard","meta":{"footnotes":""},"categories":[3,8],"tags":[],"class_list":["post-13575","post","type-post","status-publish","format-standard","has-post-thumbnail","hentry","category-novosti","category-sjednice"],"_links":{"self":[{"href":"https:\/\/matulji.hr\/portal\/wp-json\/wp\/v2\/posts\/13575","targetHints":{"allow":["GET"]}}],"collection":[{"href":"https:\/\/matulji.hr\/portal\/wp-json\/wp\/v2\/posts"}],"about":[{"href":"https:\/\/matulji.hr\/portal\/wp-json\/wp\/v2\/types\/post"}],"author":[{"embeddable":true,"href":"https:\/\/matulji.hr\/portal\/wp-json\/wp\/v2\/users\/3"}],"replies":[{"embeddable":true,"href":"https:\/\/matulji.hr\/portal\/wp-json\/wp\/v2\/comments?post=13575"}],"version-history":[{"count":1,"href":"https:\/\/matulji.hr\/portal\/wp-json\/wp\/v2\/posts\/13575\/revisions"}],"predecessor-version":[{"id":13576,"href":"https:\/\/matulji.hr\/portal\/wp-json\/wp\/v2\/posts\/13575\/revisions\/13576"}],"wp:featuredmedia":[{"embeddable":true,"href":"https:\/\/matulji.hr\/portal\/wp-json\/wp\/v2\/media\/8756"}],"wp:attachment":[{"href":"https:\/\/matulji.hr\/portal\/wp-json\/wp\/v2\/media?parent=13575"}],"wp:term":[{"taxonomy":"category","embeddable":true,"href":"https:\/\/matulji.hr\/portal\/wp-json\/wp\/v2\/categories?post=13575"},{"taxonomy":"post_tag","embeddable":true,"href":"https:\/\/matulji.hr\/portal\/wp-json\/wp\/v2\/tags?post=13575"}],"curies":[{"name":"wp","href":"https:\/\/api.w.org\/{rel}","templated":true}]}}