{"id":13556,"date":"2026-09-01T14:59:38","date_gmt":"2026-09-01T12:59:38","guid":{"rendered":"https:\/\/matulji.hr\/portal\/?p=13556"},"modified":"2026-09-01T15:00:10","modified_gmt":"2026-09-01T13:00:10","slug":"96-razloga-za-veselje-novi-djecji-vrtic-otvorio-vrata-u-rukavcu","status":"publish","type":"post","link":"https:\/\/matulji.hr\/portal\/96-razloga-za-veselje-novi-djecji-vrtic-otvorio-vrata-u-rukavcu\/","title":{"rendered":"96 RAZLOGA ZA VESELJE: NOVI DJE\u010cJI VRTI\u0106 OTVORIO VRATA U RUKAVCU"},"content":{"rendered":"\n<p class=\"wp-block-paragraph\"><em>U samom centru Rukavca, uz osnovnu \u0161kolu, izgra\u0111en je novi dje\u010dji vrti\u0107 koji svojim bojama i suvremenim izgledom odmah otkriva kome je namijenjen. Novi podru\u010dni objekt Dje\u010djeg vrti\u0107a Matulji prostire se na dvije eta\u017ee, a njegovim otvaranjem osigurano je 96 novih mjesta za djecu jasli\u010dke i vrti\u0107ke dobi.<\/em><\/p>\n\n\n\n<p class=\"wp-block-paragraph\">Rukavac, 1. rujna 2026. \u2013 Sve\u010dano je otvoren novi Dje\u010dji vrti\u0107 Rukavac, jedan od najve\u0107ih projekata Op\u0107ine Matulji usmjerenih prema podizanju standarda pred\u0161kolskog odgoja i stvaranju boljih uvjeta za djecu i njihove obitelji.<\/p>\n\n\n\n<figure class=\"wp-block-image size-full\"><img loading=\"lazy\" decoding=\"async\" width=\"700\" height=\"467\" src=\"https:\/\/matulji.hr\/portal\/wp-content\/uploads\/2026\/09\/dv-rukavac-2026-4.jpg\" alt=\"\" class=\"wp-image-13552\" srcset=\"https:\/\/matulji.hr\/portal\/wp-content\/uploads\/2026\/09\/dv-rukavac-2026-4.jpg 700w, https:\/\/matulji.hr\/portal\/wp-content\/uploads\/2026\/09\/dv-rukavac-2026-4-300x200.jpg 300w\" sizes=\"auto, (max-width: 700px) 100vw, 700px\" \/><\/figure>\n\n\n\n<p class=\"wp-block-paragraph\">Novi podru\u010dni objekt Dje\u010djeg vrti\u0107a Matulji prostire se na 1.277 \u010detvornih metara, na prizemlju i katu, a u njemu je ure\u0111eno \u0161est prostorija za dnevni boravak djece jasli\u010dke i vrti\u0107ke dobi. Uz njih, vrti\u0107 ima polivalentnu dvoranu, kuhinju, praonicu, prostore za djelatnike, urede i sobu za sastanke, garderobe i sanitarije te sve potrebne prate\u0107e i tehni\u010dke prostorije. Dvije eta\u017ee povezane su centralnim stubi\u0161tem i dizalom.<\/p>\n\n\n\n<figure class=\"wp-block-image size-large\"><img loading=\"lazy\" decoding=\"async\" width=\"1024\" height=\"683\" src=\"https:\/\/matulji.hr\/portal\/wp-content\/uploads\/2026\/09\/dv-rukavac-2026-1-1024x683.jpg\" alt=\"\" class=\"wp-image-13549\" srcset=\"https:\/\/matulji.hr\/portal\/wp-content\/uploads\/2026\/09\/dv-rukavac-2026-1-1024x683.jpg 1024w, https:\/\/matulji.hr\/portal\/wp-content\/uploads\/2026\/09\/dv-rukavac-2026-1-300x200.jpg 300w, https:\/\/matulji.hr\/portal\/wp-content\/uploads\/2026\/09\/dv-rukavac-2026-1-768x512.jpg 768w, https:\/\/matulji.hr\/portal\/wp-content\/uploads\/2026\/09\/dv-rukavac-2026-1.jpg 1200w\" sizes=\"auto, (max-width: 1024px) 100vw, 1024px\" \/><\/figure>\n\n\n\n<p class=\"wp-block-paragraph\">Posebna vrijednost novog vrti\u0107a je vi\u0161e od 3.500 \u010detvornih metara vanjskog prostora s ure\u0111enim igrali\u0161tima za razli\u010dite uzraste, prostorom za poligon, vo\u0107njakom i povr\u0161inama za igru i boravak na otvorenom. Objekt je u potpunosti prilago\u0111en osobama s invaliditetom i smanjenom pokretljivo\u0161\u0107u te je gra\u0111en prema visokim standardima energetske u\u010dinkovitosti, a na krovu je postavljena i fotonaponska elektrana.<\/p>\n\n\n\n<p class=\"wp-block-paragraph\">Projekt je sufinanciran s 1.089.388 eura bespovratnih sredstava Europske unije kroz Nacionalni plan oporavka i otpornosti \u2013 NextGenerationEU te sa 70 tisu\u0107a eura Ministarstva regionalnoga razvoja i fondova Europske unije, dok je ostatak osiguran povoljnim kreditnim zadu\u017eenjem u suradnji s HBOR-om i vlastitim prora\u010dunskim sredstvima Op\u0107ine Matulji.<\/p>\n\n\n\n<figure class=\"wp-block-image size-large\"><img loading=\"lazy\" decoding=\"async\" width=\"1024\" height=\"683\" src=\"https:\/\/matulji.hr\/portal\/wp-content\/uploads\/2026\/09\/dv-rukavac-2026-5-1024x683.jpg\" alt=\"\" class=\"wp-image-13553\" srcset=\"https:\/\/matulji.hr\/portal\/wp-content\/uploads\/2026\/09\/dv-rukavac-2026-5-1024x683.jpg 1024w, https:\/\/matulji.hr\/portal\/wp-content\/uploads\/2026\/09\/dv-rukavac-2026-5-300x200.jpg 300w, https:\/\/matulji.hr\/portal\/wp-content\/uploads\/2026\/09\/dv-rukavac-2026-5-768x512.jpg 768w, https:\/\/matulji.hr\/portal\/wp-content\/uploads\/2026\/09\/dv-rukavac-2026-5-1536x1024.jpg 1536w, https:\/\/matulji.hr\/portal\/wp-content\/uploads\/2026\/09\/dv-rukavac-2026-5.jpg 1620w\" sizes=\"auto, (max-width: 1024px) 100vw, 1024px\" \/><\/figure>\n\n\n\n<p class=\"wp-block-paragraph\">Sve\u010danost otvorenja okupila je brojne uzvanike, roditelje, odgojitelje i djecu, a me\u0111u njima su bili zamjenik \u017eupana Primorsko-goranske \u017eupanije Robert Mati\u0107, na\u010delnica Op\u0107ine Matulji Ingrid Debeuc, zamjenica na\u010delnice Karin Poropat i ravnateljica Dje\u010djeg vrti\u0107a Matulji Adela Karlov\u010dan.<\/p>\n\n\n\n<p class=\"wp-block-paragraph\">Na\u010delnica Ingrid Debeuc istaknula je kako je otvorenju prethodilo vi\u0161e godina planiranja, rada i ulaganja te da je ostvaren cilj &#8211; stvoriti suvremen i kvalitetno opremljen prostor za najmla\u0111e.<\/p>\n\n\n\n<figure class=\"wp-block-image size-large\"><img loading=\"lazy\" decoding=\"async\" width=\"1024\" height=\"683\" src=\"https:\/\/matulji.hr\/portal\/wp-content\/uploads\/2026\/09\/dv-rukavac-2026-7-1024x683.jpg\" alt=\"\" class=\"wp-image-13555\" srcset=\"https:\/\/matulji.hr\/portal\/wp-content\/uploads\/2026\/09\/dv-rukavac-2026-7-1024x683.jpg 1024w, https:\/\/matulji.hr\/portal\/wp-content\/uploads\/2026\/09\/dv-rukavac-2026-7-300x200.jpg 300w, https:\/\/matulji.hr\/portal\/wp-content\/uploads\/2026\/09\/dv-rukavac-2026-7-768x512.jpg 768w, https:\/\/matulji.hr\/portal\/wp-content\/uploads\/2026\/09\/dv-rukavac-2026-7.jpg 1200w\" sizes=\"auto, (max-width: 1024px) 100vw, 1024px\" \/><\/figure>\n\n\n\n<p class=\"wp-block-paragraph\">&#8212; Ovo je va\u017ean dan za Rukavac i Op\u0107inu Matulji, ali prije svega za obitelji kojima \u0107e ovaj vrti\u0107 biti dio svakodnevnog \u017eivota. Kada govorimo o ovakvoj investiciji, naravno da govorimo o brojkama, prostoru i standardima. No, njezina \u0107e se prava vrijednost najbolje vidjeti kroz svakodnevni \u017eivot &#8211; kroz igru, dru\u017eenje, nova prijateljstva i sve ono \u0161to \u010dini djetinjstvo &#8211; poru\u010dila je Debeuc.<\/p>\n\n\n\n<figure class=\"wp-block-image size-large\"><img loading=\"lazy\" decoding=\"async\" width=\"1024\" height=\"683\" src=\"https:\/\/matulji.hr\/portal\/wp-content\/uploads\/2026\/09\/dv-rukavac-2026-6-1024x683.jpg\" alt=\"\" class=\"wp-image-13554\" srcset=\"https:\/\/matulji.hr\/portal\/wp-content\/uploads\/2026\/09\/dv-rukavac-2026-6-1024x683.jpg 1024w, https:\/\/matulji.hr\/portal\/wp-content\/uploads\/2026\/09\/dv-rukavac-2026-6-300x200.jpg 300w, https:\/\/matulji.hr\/portal\/wp-content\/uploads\/2026\/09\/dv-rukavac-2026-6-768x512.jpg 768w, https:\/\/matulji.hr\/portal\/wp-content\/uploads\/2026\/09\/dv-rukavac-2026-6-1536x1024.jpg 1536w, https:\/\/matulji.hr\/portal\/wp-content\/uploads\/2026\/09\/dv-rukavac-2026-6.jpg 1620w\" sizes=\"auto, (max-width: 1024px) 100vw, 1024px\" \/><\/figure>\n\n\n\n<p class=\"wp-block-paragraph\">&#8212; Ravnateljica Dje\u010djeg vrti\u0107a Matulji Adela Karlov\u010dan podsjetila je kako je matuljski vrti\u0107 pro\u0161le godine proslavio 30. ro\u0111endan, u godini kada su vrti\u0107ari na lokaciji u Rukavcu polo\u017eili kamen temeljac za novi objekt. Danas je, dodala je, na tom mjestu moderan i suvremeno opremljen vrti\u0107 koji \u0107e zna\u010dajno unaprijediti uvjete pred\u0161kolskog odgoja na podru\u010dju op\u0107ine. Istaknula je kako Dje\u010dji vrti\u0107 Matulji danas poha\u0111a 430 djece, o kojima brine 100 zaposlenika na osam lokacija.<\/p>\n\n\n\n<p class=\"wp-block-paragraph\">Zamjenik \u017eupana Robert Mati\u0107 poru\u010dio je kako izgradnja vrti\u0107a ne predstavlja samo novi objekt, ve\u0107 i jednu od najsna\u017enijih demografskih mjera koje lokalna zajednica mo\u017ee provesti. <\/p>\n\n\n\n<figure class=\"wp-block-image size-large\"><img loading=\"lazy\" decoding=\"async\" width=\"1024\" height=\"683\" src=\"https:\/\/matulji.hr\/portal\/wp-content\/uploads\/2026\/09\/dv-rukavac-2026-2-1024x683.jpg\" alt=\"\" class=\"wp-image-13550\" srcset=\"https:\/\/matulji.hr\/portal\/wp-content\/uploads\/2026\/09\/dv-rukavac-2026-2-1024x683.jpg 1024w, https:\/\/matulji.hr\/portal\/wp-content\/uploads\/2026\/09\/dv-rukavac-2026-2-300x200.jpg 300w, https:\/\/matulji.hr\/portal\/wp-content\/uploads\/2026\/09\/dv-rukavac-2026-2-768x512.jpg 768w, https:\/\/matulji.hr\/portal\/wp-content\/uploads\/2026\/09\/dv-rukavac-2026-2.jpg 1200w\" sizes=\"auto, (max-width: 1024px) 100vw, 1024px\" \/><\/figure>\n\n\n\n<p class=\"wp-block-paragraph\">Na\u010delnica Op\u0107ine Matulji zahvalila je svima koji su sudjelovali u pripremi i realizaciji projekta, od djelatnika Op\u0107ine i vrti\u0107a do projektanata, izvo\u0111a\u010da, partnera i institucija, a posebnu poruku uputila je najmla\u0111ima: \u201eDraga djeco, od danas je ovaj vrti\u0107 va\u0161.\u201c<\/p>\n\n\n\n<p class=\"wp-block-paragraph\">Nakon obra\u0107anja uzvanika uslijedilo je sve\u010dano rezanje vrpce, koju je na\u010delnica Ingrid Debeuc prerezala uz pomo\u0107 dvoje malih vrti\u0107ara, a potom je uslijedio obilazak novog podru\u010dnog vrti\u0107a. Otvorenje je nastavljeno u dvori\u0161tu programom za najmla\u0111e uz Ivanku Mazurkijevi\u0107 i Mrleta i \u201eKi\u0161ne razdragance\u201c, uz animatore na \u0161tulama i izradu balona, \u010dime je prvi dan novog vrti\u0107a protekao upravo onako kako i prili\u010di prostoru namijenjenom djeci &#8211; u znaku igre, veselja i dru\u017eenja.<br><br><\/p>\n","protected":false},"excerpt":{"rendered":"<p>U samom centru Rukavca, uz osnovnu \u0161kolu, izgra\u0111en je novi dje\u010dji vrti\u0107 koji svojim bojama i suvremenim izgledom odmah otkriva kome je namijenjen. Novi podru\u010dni objekt Dje\u010djeg vrti\u0107a Matulji prostire se na dvije eta\u017ee, a njegovim otvaranjem osigurano je 96 novih mjesta za djecu jasli\u010dke i vrti\u0107ke dobi. Rukavac, 1. rujna 2026. \u2013 Sve\u010dano je otvoren novi Dje\u010dji vrti\u0107 Rukavac, jedan od najve\u0107ih projekata Op\u0107ine Matulji usmjerenih prema podizanju standarda pred\u0161kolskog odgoja i stvaranju boljih uvjeta za djecu i njihove obitelji. Novi podru\u010dni objekt Dje\u010djeg vrti\u0107a Matulji prostire se na&#8230; <\/p>\n","protected":false},"author":3,"featured_media":13551,"comment_status":"closed","ping_status":"","sticky":false,"template":"","format":"standard","meta":{"footnotes":""},"categories":[3],"tags":[],"class_list":["post-13556","post","type-post","status-publish","format-standard","has-post-thumbnail","hentry","category-novosti"],"_links":{"self":[{"href":"https:\/\/matulji.hr\/portal\/wp-json\/wp\/v2\/posts\/13556","targetHints":{"allow":["GET"]}}],"collection":[{"href":"https:\/\/matulji.hr\/portal\/wp-json\/wp\/v2\/posts"}],"about":[{"href":"https:\/\/matulji.hr\/portal\/wp-json\/wp\/v2\/types\/post"}],"author":[{"embeddable":true,"href":"https:\/\/matulji.hr\/portal\/wp-json\/wp\/v2\/users\/3"}],"replies":[{"embeddable":true,"href":"https:\/\/matulji.hr\/portal\/wp-json\/wp\/v2\/comments?post=13556"}],"version-history":[{"count":3,"href":"https:\/\/matulji.hr\/portal\/wp-json\/wp\/v2\/posts\/13556\/revisions"}],"predecessor-version":[{"id":13559,"href":"https:\/\/matulji.hr\/portal\/wp-json\/wp\/v2\/posts\/13556\/revisions\/13559"}],"wp:featuredmedia":[{"embeddable":true,"href":"https:\/\/matulji.hr\/portal\/wp-json\/wp\/v2\/media\/13551"}],"wp:attachment":[{"href":"https:\/\/matulji.hr\/portal\/wp-json\/wp\/v2\/media?parent=13556"}],"wp:term":[{"taxonomy":"category","embeddable":true,"href":"https:\/\/matulji.hr\/portal\/wp-json\/wp\/v2\/categories?post=13556"},{"taxonomy":"post_tag","embeddable":true,"href":"https:\/\/matulji.hr\/portal\/wp-json\/wp\/v2\/tags?post=13556"}],"curies":[{"name":"wp","href":"https:\/\/api.w.org\/{rel}","templated":true}]}}