{"id":13541,"date":"2026-09-01T09:54:06","date_gmt":"2026-09-01T07:54:06","guid":{"rendered":"https:\/\/matulji.hr\/portal\/?p=13541"},"modified":"2026-09-01T09:54:06","modified_gmt":"2026-09-01T07:54:06","slug":"matuljske-ljetne-veceri-privukle-oko-28-tisuca-posjetitelja-amfiteatar-postao-srediste-ljetnog-zivota-matulja","status":"publish","type":"post","link":"https:\/\/matulji.hr\/portal\/matuljske-ljetne-veceri-privukle-oko-28-tisuca-posjetitelja-amfiteatar-postao-srediste-ljetnog-zivota-matulja\/","title":{"rendered":"MATULJSKE LJETNE VE\u010cERI PRIVUKLE OKO 28 TISU\u0106A POSJETITELJA: AMFITEATAR POSTAO SREDI\u0160TE LJETNOG \u017dIVOTA MATULJA"},"content":{"rendered":"\n<p class=\"wp-block-paragraph\">\u201eAmfiteatar premalen za sve koji su \u017eeljeli \u010duti Zoricu Kond\u017eu!\u201c, \u201eRadio Spomenar ispunio matuljski Amfiteatar nostalgijom, pjesmom i emocijama\u201c, \u201eMauro Staraj odr\u017eao koncert za pam\u0107enje\u201c, \u201eAmfiteatar pucao po \u0161avovima uz hit predstavu &#8216;Iva i Gloria&#8217;\u201c, \u201ePred punim Amfiteatrom nastupila Amira Medunjanin\u201c &#8211; samo su neki od medijskih naslova, u novinama, na portalima i dru\u0161tvenim mre\u017eama, koji su ovog ljeta pratili Matuljske ljetne ve\u010deri i pronijeli ime Matulja daleko izvan granica op\u0107ine.<\/p>\n\n\n\n<figure class=\"wp-block-image size-full\"><img loading=\"lazy\" decoding=\"async\" width=\"700\" height=\"469\" src=\"https:\/\/matulji.hr\/portal\/wp-content\/uploads\/2026\/09\/Matuljske_ljetne_veceri_4.jpg\" alt=\"\" class=\"wp-image-13546\" srcset=\"https:\/\/matulji.hr\/portal\/wp-content\/uploads\/2026\/09\/Matuljske_ljetne_veceri_4.jpg 700w, https:\/\/matulji.hr\/portal\/wp-content\/uploads\/2026\/09\/Matuljske_ljetne_veceri_4-300x201.jpg 300w\" sizes=\"auto, (max-width: 700px) 100vw, 700px\" \/><\/figure>\n\n\n\n<p class=\"wp-block-paragraph\">Matulji, 31. kolovoza 2026. godine &#8211; Pjesma, smijeh, kazali\u0161te, dru\u017eenje i ispunjen Amfiteatar obilje\u017eili su jo\u0161 jedno izdanje Matuljskih ljetnih ve\u010deri &#8211; \u201eTramontana \u0107e vas ofri\u0161kat\u201c. \u010cak 22 kulturna i zabavna programa tijekom ljeta unijela su \u017eivost u matuljske ve\u010deri, a prema procjenama organizatora kroz Amfiteatar je pro\u0161lo oko 28 tisu\u0107a posjetitelja. Od velikih glazbenih imena do kazali\u0161nih predstava i programa doma\u0107ih izvo\u0111a\u010da i udruga, ovogodi\u0161nje izdanje jo\u0161 je jednom potvrdilo da su Matuljske ljetne ve\u010deri prerasle u jednu od prepoznatljivih ljetnih manifestacija na podru\u010dju Liburnije.<\/p>\n\n\n\n<p class=\"wp-block-paragraph\">Organizaciju programa potpisuje Turisti\u010dka zajednica Op\u0107ine Matulji, \u010dija je nova direktorica Marina Vuji\u010di\u0107, koja je du\u017enost preuzela sredinom kolovoza, istaknula kako ovogodi\u0161nji interes publike potvr\u0111uje vrijednost dobro uhodanog koncepta.<\/p>\n\n\n\n<figure class=\"wp-block-image size-full\"><img loading=\"lazy\" decoding=\"async\" width=\"700\" height=\"478\" src=\"https:\/\/matulji.hr\/portal\/wp-content\/uploads\/2026\/09\/Matuljske_ljetne_vecer_1.jpg\" alt=\"\" class=\"wp-image-13543\" srcset=\"https:\/\/matulji.hr\/portal\/wp-content\/uploads\/2026\/09\/Matuljske_ljetne_vecer_1.jpg 700w, https:\/\/matulji.hr\/portal\/wp-content\/uploads\/2026\/09\/Matuljske_ljetne_vecer_1-300x205.jpg 300w\" sizes=\"auto, (max-width: 700px) 100vw, 700px\" \/><\/figure>\n\n\n\n<ul class=\"wp-block-list\">\n<li>Iako sam du\u017enost direktorice preuzela na samom kraju Matuljskih ljetnih ve\u010deri, pratila sam programe, interes publike i njihov odjek. Matulji definitivno imaju svoju ljetnu lokaciju okupljanja i mjesto kulturnog i zabavnog \u017eivota. Posebno me veseli \u0161to je u program uklju\u010den velik broj matuljskih udruga i na\u0161ih ljudi. To je vrijednost koju moramo znati \u010duvati, a istodobno otvoriti prostor za nove ideje i sadr\u017eaje &#8211; istaknula je Marina Vuji\u010di\u0107, direktorica Turisti\u010dke zajednice Op\u0107ine Matulji.<\/li>\n<\/ul>\n\n\n\n<p class=\"wp-block-paragraph\">Publika je tijekom ljeta imala priliku u\u017eivati u raznovrsnom programu, a me\u0111u ve\u010derima koje \u0107e se posebno pamtiti svakako su koncerti Zorice Kond\u017ee, Amire Medunjanin i Maura Staraja, kao i popularne kazali\u0161ne predstave koje su Amfiteatar ispunjavale do posljednjeg mjesta. Va\u017ean dio programa \u010dinili su i lokalni izvo\u0111a\u010di, udruge (Udruga Domoljub 1909, KUD U\u010dka, Klapa Skalin, Udruga umirovljenika i starijih osoba Op\u0107ine Matulji, mladi glazbenici&#8230;) i programi koji njeguju doma\u0107u tradiciju i daju Matuljskim ljetnim ve\u010derima prepoznatljiv lokalni karakter.<\/p>\n\n\n\n<figure class=\"wp-block-image size-full\"><img loading=\"lazy\" decoding=\"async\" width=\"700\" height=\"467\" src=\"https:\/\/matulji.hr\/portal\/wp-content\/uploads\/2026\/09\/Matuljske_ljetne_veceri_5.jpg\" alt=\"\" class=\"wp-image-13542\" srcset=\"https:\/\/matulji.hr\/portal\/wp-content\/uploads\/2026\/09\/Matuljske_ljetne_veceri_5.jpg 700w, https:\/\/matulji.hr\/portal\/wp-content\/uploads\/2026\/09\/Matuljske_ljetne_veceri_5-300x200.jpg 300w\" sizes=\"auto, (max-width: 700px) 100vw, 700px\" \/><\/figure>\n\n\n\n<p class=\"wp-block-paragraph\">Uspje\u0161nom odr\u017eavanju 31. izdanja Matuljskih ljetnih ve\u010deri zna\u010dajno je pridonijela i Op\u0107ina Matulji, koja je za realizaciju programa osigurala sredstva u prora\u010dunu.<\/p>\n\n\n\n<ul class=\"wp-block-list\">\n<li>Program nisu prepoznali samo Matuljci, ve\u0107 i brojni posjetitelji iz okolice, kao i na\u0161i gosti. Kada tijekom jednog ljeta na doga\u0111anja do\u0111e oko 28 tisu\u0107a ljudi, jasno je da Matuljske ljetne ve\u010deri imaju svoju publiku i da je rije\u010d o manifestaciji koja je postala va\u017ean dio identiteta na\u0161ega mjesta. Posebno nam je va\u017eno \u0161to se u Amfiteatru susre\u0107u razli\u010dite generacije i \u0161to se uz poznata imena daje prostor na\u0161im udrugama, izvo\u0111a\u010dima i doma\u0107im snagama. Upravo takav spoj \u017eelimo njegovati i dalje &#8211; poru\u010dili su iz Op\u0107ine Matulji.<\/li>\n<\/ul>\n\n\n\n<p class=\"wp-block-paragraph\">Ovogodi\u0161nja \u201eTramontana\u201c tako je jo\u0161 jednom \u201eofri\u0161kala\u201c Matulje, ali i pokazala da za kvalitetan ljetni program nije nu\u017eno oti\u0107i do same obale. Prepune tribine, ve\u010deri u kojima se tra\u017eilo mjesto vi\u0161e i oko 28 tisu\u0107a posjetitelja najbolja su potvrda da je matuljski Amfiteatar tijekom ljeta postao mjesto na kojem se &#8211; \u017eeli biti.<\/p>\n\n\n\n<figure class=\"wp-block-image size-full\"><img loading=\"lazy\" decoding=\"async\" width=\"700\" height=\"467\" src=\"https:\/\/matulji.hr\/portal\/wp-content\/uploads\/2026\/09\/Matuljske_Ljetne_veceri_2.jpg\" alt=\"\" class=\"wp-image-13544\" srcset=\"https:\/\/matulji.hr\/portal\/wp-content\/uploads\/2026\/09\/Matuljske_Ljetne_veceri_2.jpg 700w, https:\/\/matulji.hr\/portal\/wp-content\/uploads\/2026\/09\/Matuljske_Ljetne_veceri_2-300x200.jpg 300w\" sizes=\"auto, (max-width: 700px) 100vw, 700px\" \/><\/figure>\n","protected":false},"excerpt":{"rendered":"<p>\u201eAmfiteatar premalen za sve koji su \u017eeljeli \u010duti Zoricu Kond\u017eu!\u201c, \u201eRadio Spomenar ispunio matuljski Amfiteatar nostalgijom, pjesmom i emocijama\u201c, \u201eMauro Staraj odr\u017eao koncert za pam\u0107enje\u201c, \u201eAmfiteatar pucao po \u0161avovima uz hit predstavu &#8216;Iva i Gloria&#8217;\u201c, \u201ePred punim Amfiteatrom nastupila Amira Medunjanin\u201c &#8211; samo su neki od medijskih naslova, u novinama, na portalima i dru\u0161tvenim mre\u017eama, koji su ovog ljeta pratili Matuljske ljetne ve\u010deri i pronijeli ime Matulja daleko izvan granica op\u0107ine. Matulji, 31. kolovoza 2026. godine &#8211; Pjesma, smijeh, kazali\u0161te, dru\u017eenje i ispunjen Amfiteatar obilje\u017eili su jo\u0161 jedno izdanje Matuljskih&#8230; <\/p>\n","protected":false},"author":3,"featured_media":13545,"comment_status":"closed","ping_status":"","sticky":false,"template":"","format":"standard","meta":{"footnotes":""},"categories":[3],"tags":[],"class_list":["post-13541","post","type-post","status-publish","format-standard","has-post-thumbnail","hentry","category-novosti"],"_links":{"self":[{"href":"https:\/\/matulji.hr\/portal\/wp-json\/wp\/v2\/posts\/13541","targetHints":{"allow":["GET"]}}],"collection":[{"href":"https:\/\/matulji.hr\/portal\/wp-json\/wp\/v2\/posts"}],"about":[{"href":"https:\/\/matulji.hr\/portal\/wp-json\/wp\/v2\/types\/post"}],"author":[{"embeddable":true,"href":"https:\/\/matulji.hr\/portal\/wp-json\/wp\/v2\/users\/3"}],"replies":[{"embeddable":true,"href":"https:\/\/matulji.hr\/portal\/wp-json\/wp\/v2\/comments?post=13541"}],"version-history":[{"count":1,"href":"https:\/\/matulji.hr\/portal\/wp-json\/wp\/v2\/posts\/13541\/revisions"}],"predecessor-version":[{"id":13547,"href":"https:\/\/matulji.hr\/portal\/wp-json\/wp\/v2\/posts\/13541\/revisions\/13547"}],"wp:featuredmedia":[{"embeddable":true,"href":"https:\/\/matulji.hr\/portal\/wp-json\/wp\/v2\/media\/13545"}],"wp:attachment":[{"href":"https:\/\/matulji.hr\/portal\/wp-json\/wp\/v2\/media?parent=13541"}],"wp:term":[{"taxonomy":"category","embeddable":true,"href":"https:\/\/matulji.hr\/portal\/wp-json\/wp\/v2\/categories?post=13541"},{"taxonomy":"post_tag","embeddable":true,"href":"https:\/\/matulji.hr\/portal\/wp-json\/wp\/v2\/tags?post=13541"}],"curies":[{"name":"wp","href":"https:\/\/api.w.org\/{rel}","templated":true}]}}