{"id":12961,"date":"2026-03-19T16:14:51","date_gmt":"2026-03-19T15:14:51","guid":{"rendered":"https:\/\/matulji.hr\/portal\/?p=12961"},"modified":"2026-04-09T12:07:52","modified_gmt":"2026-04-09T10:07:52","slug":"organiziran-prijevoz-na-relaciji-jankoviceva-cesta-centar-matulja-dodan-novi-polazak-u-1715-sati","status":"publish","type":"post","link":"https:\/\/matulji.hr\/portal\/organiziran-prijevoz-na-relaciji-jankoviceva-cesta-centar-matulja-dodan-novi-polazak-u-1715-sati\/","title":{"rendered":"ORGANIZIRAN PRIJEVOZ NA RELACIJI JANKOVI\u0106EVA CESTA \u2013 CENTAR MATULJA \u2013 DODAN NOVI POLAZAK U 17:15 SATI"},"content":{"rendered":"\n<p>Kako bi se dodatno pobolj\u0161ala dostupnost prijevoza i omogu\u0107ila bolja povezanost s centrom Matulja&nbsp; od petka 20.03.2026. godine uveden je jo\u0161 jedan polazak tijekom radnih dana u 17:15 sati.<\/p>\n\n\n\n<p>U nastavku je a\u017eurirani vozni red s novim poslijepodnevnim polaskom.<\/p>\n\n\n<div class=\"wp-block-image\">\n<figure class=\"aligncenter size-full\"><img loading=\"lazy\" decoding=\"async\" width=\"580\" height=\"665\" src=\"https:\/\/matulji.hr\/portal\/wp-content\/uploads\/2026\/03\/vozni-red-19-3.jpg\" alt=\"\" class=\"wp-image-12960\" srcset=\"https:\/\/matulji.hr\/portal\/wp-content\/uploads\/2026\/03\/vozni-red-19-3.jpg 580w, https:\/\/matulji.hr\/portal\/wp-content\/uploads\/2026\/03\/vozni-red-19-3-262x300.jpg 262w\" sizes=\"auto, (max-width: 580px) 100vw, 580px\" \/><\/figure>\n<\/div>","protected":false},"excerpt":{"rendered":"<p>Kako bi se dodatno pobolj\u0161ala dostupnost prijevoza i omogu\u0107ila bolja povezanost s centrom Matulja&nbsp; od petka 20.03.2026. godine uveden je jo\u0161 jedan polazak tijekom radnih dana u 17:15 sati. U nastavku je a\u017eurirani vozni red s novim poslijepodnevnim polaskom.<\/p>\n","protected":false},"author":3,"featured_media":12942,"comment_status":"closed","ping_status":"closed","sticky":false,"template":"","format":"standard","meta":{"footnotes":""},"categories":[2,3,13],"tags":[],"class_list":["post-12961","post","type-post","status-publish","format-standard","has-post-thumbnail","hentry","category-kalendar-dogadjanja","category-novosti","category-prikvaceno"],"_links":{"self":[{"href":"https:\/\/matulji.hr\/portal\/wp-json\/wp\/v2\/posts\/12961","targetHints":{"allow":["GET"]}}],"collection":[{"href":"https:\/\/matulji.hr\/portal\/wp-json\/wp\/v2\/posts"}],"about":[{"href":"https:\/\/matulji.hr\/portal\/wp-json\/wp\/v2\/types\/post"}],"author":[{"embeddable":true,"href":"https:\/\/matulji.hr\/portal\/wp-json\/wp\/v2\/users\/3"}],"replies":[{"embeddable":true,"href":"https:\/\/matulji.hr\/portal\/wp-json\/wp\/v2\/comments?post=12961"}],"version-history":[{"count":1,"href":"https:\/\/matulji.hr\/portal\/wp-json\/wp\/v2\/posts\/12961\/revisions"}],"predecessor-version":[{"id":12962,"href":"https:\/\/matulji.hr\/portal\/wp-json\/wp\/v2\/posts\/12961\/revisions\/12962"}],"wp:featuredmedia":[{"embeddable":true,"href":"https:\/\/matulji.hr\/portal\/wp-json\/wp\/v2\/media\/12942"}],"wp:attachment":[{"href":"https:\/\/matulji.hr\/portal\/wp-json\/wp\/v2\/media?parent=12961"}],"wp:term":[{"taxonomy":"category","embeddable":true,"href":"https:\/\/matulji.hr\/portal\/wp-json\/wp\/v2\/categories?post=12961"},{"taxonomy":"post_tag","embeddable":true,"href":"https:\/\/matulji.hr\/portal\/wp-json\/wp\/v2\/tags?post=12961"}],"curies":[{"name":"wp","href":"https:\/\/api.w.org\/{rel}","templated":true}]}}