{"id":12564,"date":"2025-11-28T22:38:10","date_gmt":"2025-11-28T21:38:10","guid":{"rendered":"https:\/\/matulji.hr\/portal\/?p=12564"},"modified":"2025-12-02T12:55:52","modified_gmt":"2025-12-02T11:55:52","slug":"4-sjednica-opcinskog-vijeca-opcine-matulji-5","status":"publish","type":"post","link":"https:\/\/matulji.hr\/portal\/4-sjednica-opcinskog-vijeca-opcine-matulji-5\/","title":{"rendered":"4. SJEDNICA OP\u0106INSKOG VIJE\u0106A OP\u0106INE MATULJI"},"content":{"rendered":"\n<p>Na temelju \u010dlanka 34. stavka 1. to\u010dka 3. Statuta Op\u0107ine Matulji (\u201eSlu\u017ebene novine Primorsko- goranske \u017eupanije\u201c broj 26\/09, 38\/09, 8\/13, 17\/14, 29\/14, 4\/15 \u2013 pro\u010di\u0161\u0107eni tekst 39\/15, 07\/18, 6\/21, 23\/21 i 36\/23)<\/p>\n\n\n\n<p class=\"has-text-align-center\"><strong>S a z i v a m<\/strong><\/p>\n\n\n\n<p class=\"has-text-align-center\"><strong>4. sjednicu Op\u0107inskog vije\u0107a Op\u0107ine Matulji, <\/strong>koja \u0107e se odr\u017eati dana <strong>9. prosinca 2025. godine<\/strong>&nbsp;(utorak) s po\u010detkom u&nbsp;<strong>17,00 sati&nbsp;u vije\u0107nici Op\u0107ine Matulji.<\/strong><\/p>\n\n\n\n<p class=\"has-text-align-center\">Za sjednicu se predla\u017ee:<\/p>\n\n\n\n<p class=\"has-text-align-center\"><em><strong>DNEVNI RED<\/strong><\/em><\/p>\n\n\n\n<ol class=\"wp-block-list\">\n<li><em><strong>Izvje\u0161\u0107a o poslovanju trgova\u010dkih dru\u0161tava u vlasni\u0161tvu Op\u0107ine Matulji za 2024. godinu<\/strong><\/em><\/li>\n<\/ol>\n\n\n\n<ol class=\"wp-block-list\">\n<li><em>Komunalac d.o.o. \u2013 izvjestitelj Uprava dru\u0161tva<\/em><\/li>\n\n\n\n<li><em>Liburnijske vode d.o.o.- izvjestitelj Uprava dru\u0161tva<\/em><\/li>\n\n\n\n<li><em>Regionalna veletr\u017enica Rijeka \u2013 Matulji d.d. \u2013 izvjestitelj Uprava dru\u0161tva<\/em><\/li>\n\n\n\n<li><em>Nova Liburnija d.o.o.- izvjestitelj Uprava dru\u0161tva<\/em><\/li>\n\n\n\n<li><em>\u017di\u010dara U\u010dka d.d. \u2013 izvjestitelj Uprava dru\u0161tva<\/em><\/li>\n\n\n\n<li><em>KD Autotrolej d.o.o. \u2013 izvjestitelj Uprava dru\u0161tva<\/em><\/li>\n\n\n\n<li><em>Turisti\u010dka zajednica Op\u0107ine Matulji \u2013 izvjestitelj Direktorica TZ<\/em><\/li>\n<\/ol>\n\n\n\n<ol start=\"2\" class=\"wp-block-list\">\n<li><em><strong>Izvje\u0161\u0107e o gospodarenju otpadom na podru\u010dju Op\u0107ine Matulji za 2024. godini<\/strong><\/em><\/li>\n<\/ol>\n\n\n\n<p><em>Izvjestitelj: Predstavnik KD Komunalac d.o.o.<\/em><\/p>\n\n\n\n<ol start=\"3\" class=\"wp-block-list\">\n<li><em><strong>P<\/strong><\/em><em><strong>rijedlog Odluke o usvajanju Plana za\u0161tite od po\u017eara i tehnolo\u0161kih eksplozija Liburnije,<\/strong><\/em><\/li>\n<\/ol>\n\n\n\n<p><em>Izvjestitelj: Zapovjednik Javne vatrogasne postrojbe Opatija Igor Ravni\u0107,<\/em><\/p>\n\n\n\n<ol start=\"4\" class=\"wp-block-list\">\n<li><em><strong>Prijedlog Izmjena i dopuna Prora\u010duna Op\u0107ine Matulji za 2025. godinu<\/strong><\/em><\/li>\n<\/ol>\n\n\n\n<p><em>Izvjestitelji: Op\u0107inska na\u010delnica Ingrid Debeuc, Slu\u017ebenik ovla\u0161ten za privremeno obavljanje poslova pro\u010delnika Upravnog odjela za prora\u010dun i financije, Elena Grguri\u0107<\/em><\/p>\n\n\n\n<ol start=\"5\" class=\"wp-block-list\">\n<li><em><strong>Prijedlog Odluke o izmjeni Odluke o izvr\u0161avanju Prora\u010duna Op\u0107ine Matulji za 2025. godinu<\/strong><\/em><\/li>\n<\/ol>\n\n\n\n<p><em>Izvjestitelji: Op\u0107inska na\u010delnica Ingrid Debeuc, Slu\u017ebenik ovla\u0161ten za privremeno obavljanje poslova pro\u010delnika Upravnog odjela za prora\u010dun i financije, Elena Grguri\u0107<\/em><\/p>\n\n\n\n<ol start=\"6\" class=\"wp-block-list\">\n<li><em><strong>Prijedlog III. izmjena Programa gra\u0111enja komunalne infrastrukture u 2025. godini<\/strong><\/em><\/li>\n<\/ol>\n\n\n\n<p><em>Izvjestitelji: Op\u0107inska na\u010delnica Ingrid Debeuc i Slu\u017ebenik ovla\u0161ten za privremeno obavljanje poslova pro\u010delnika Upravnog odjela za komunalni sustav Smiljana Veselinovi\u0107,<\/em><\/p>\n\n\n\n<ol start=\"7\" class=\"wp-block-list\">\n<li><em><strong>Prijedlog Odluke o izmjenama i dopunama Odluke o socijalnoj skrbi<\/strong><\/em><\/li>\n<\/ol>\n\n\n\n<p><em>Izvjestitelji: Op\u0107inska na\u010delnica Ingrid Debeuc i Slu\u017ebenik ovla\u0161ten za privremeno obavljanje poslova pro\u010delnika <\/em><em>Upravnog odjela<\/em><em> za samoupravu i upravu Irena Gau\u0161,<\/em><\/p>\n\n\n\n<ol start=\"8\" class=\"wp-block-list\">\n<li><em><strong>Prijedlog Odluke o izmjenama Odluke o kriterijima za ostvarivanje prava na sufinanciranje tro\u0161kova programa pred\u0161kolskog odgoja i obrazovanja u ustanovama drugih osniva\u010da te u obrtima na podru\u010dju Primorsko-goranske \u017eupanije<\/strong><\/em><\/li>\n<\/ol>\n\n\n\n<p><em>Izvjestitelji: Op\u0107inska na\u010delnica Ingrid Debeuc i Slu\u017ebenik ovla\u0161ten za privremeno obavljanje poslova pro\u010delnika <\/em><em>Upravnog odjela<\/em><em> za samoupravu i upravu Irena Gau\u0161,<\/em><\/p>\n\n\n\n<ol start=\"9\" class=\"wp-block-list\">\n<li><em><strong>Prijedlog Odluke o imenovanju Op\u0107inskog povjerenstva za procjenu \u0161teta od prirodnih nepogoda na podru\u010dju Op\u0107ine Matulji<\/strong><\/em><\/li>\n<\/ol>\n\n\n\n<p><em>Izvjestitelji: Op\u0107inska na\u010delnica Ingrid Debeuc i Slu\u017ebenik ovla\u0161ten za privremeno obavljanje poslova pro\u010delnika <\/em><em>Upravnog odjela<\/em><em> za komunalni sustav Smiljana Veselinovi\u0107,<\/em><\/p>\n\n\n\n<ol start=\"10\" class=\"wp-block-list\">\n<li><em><strong>Prijedlog Odluke o privremenoj zabrani izvo\u0111enja radova u 2026. godini<\/strong><\/em><\/li>\n<\/ol>\n\n\n\n<p><em>Izvjestitelji: Op\u0107inska na\u010delnica Ingrid Debeuc i Slu\u017ebenik ovla\u0161ten za privremeno obavljanje poslova pro\u010delnika <\/em><em>Upravnog odjela<\/em><em> za komunalni sustav Smiljana Veselinovi\u0107,<\/em><\/p>\n\n\n\n<ol start=\"11\" class=\"wp-block-list\">\n<li><em><strong>Prijedlog Plana djelovanja Op\u0107ine Matulji <\/strong><\/em><em><strong>u podru\u010dju prirodnih nepogoda za 2026. godinu<\/strong><\/em><\/li>\n<\/ol>\n\n\n\n<p><em>Izvjestitelji: Zamjenica Op\u0107inske na\u010delnica Karin Brajkovi\u0107 i Slu\u017ebenik ovla\u0161ten za privremeno obavljanje poslova pro\u010delnika <\/em><em>Upravnog odjela<\/em><em> za komunalni sustav Smiljana Veselinovi\u0107,<\/em><\/p>\n\n\n\n<ol start=\"12\" class=\"wp-block-list\">\n<li><em><strong>Prijedlog Odluke o izmjeni Odluke o komunalnoj naknadi<\/strong><\/em><\/li>\n<\/ol>\n\n\n\n<p><em>Izvjestitelji: Op\u0107inska na\u010delnica Ingrid Debeuc i Slu\u017ebenik ovla\u0161ten za privremeno obavljanje poslova pro\u010delnika <\/em><em>Upravnog odjela<\/em><em> za komunalni sustav Smiljana Veselinovi\u0107,<\/em><\/p>\n\n\n\n<ol start=\"13\" class=\"wp-block-list\">\n<li><em><strong>Prijedlog Odluke o izmjeni Odluke o komunalnom doprinosu<\/strong><\/em><\/li>\n<\/ol>\n\n\n\n<p><em>Izvjestitelji: Op\u0107inska na\u010delnica Ingrid Debeuc i Slu\u017ebenik ovla\u0161ten za privremeno obavljanje poslova pro\u010delnika <\/em><em>Upravnog odjela<\/em><em> za komunalni sustav Smiljana Veselinovi\u0107,<\/em><\/p>\n\n\n\n<ol start=\"14\" class=\"wp-block-list\">\n<li><em><strong>Prijedlog Odluke o izmjeni Odluke o komunalnom redu<\/strong><\/em><\/li>\n<\/ol>\n\n\n\n<p><em>Izvjestitelji: Op\u0107inska na\u010delnica Ingrid Debeuc i Slu\u017ebenik ovla\u0161ten za privremeno obavljanje poslova pro\u010delnika <\/em><em>Upravnog odjela<\/em><em> za komunalni sustav Smiljana Veselinovi\u0107,<\/em><\/p>\n\n\n\n<ol start=\"15\" class=\"wp-block-list\">\n<li><em><strong>Prijedlog Odluke o izmjeni Odluke o nerazvrstanim cestama<\/strong><\/em><\/li>\n<\/ol>\n\n\n\n<p><em>Izvjestitelji: Op\u0107inska na\u010delnica Ingrid Debeuc i Slu\u017ebenik ovla\u0161ten za privremeno obavljanje poslova pro\u010delnika <\/em><em>Upravnog odjela<\/em><em> za komunalni sustav Smiljana Veselinovi\u0107,<\/em><\/p>\n\n\n\n<ol start=\"16\" class=\"wp-block-list\">\n<li><em><strong>Prijedlog Odluke o izmjeni Odluke o porezima Op\u0107ine Matulji<\/strong><\/em><\/li>\n<\/ol>\n\n\n\n<p><em>Izvjestitelji: Op\u0107inska na\u010delnica Ingrid Debeuc i Slu\u017ebenik ovla\u0161ten za privremeno obavljanje poslova pro\u010delnika <\/em><em>Upravnog odjela<\/em><em> za prora\u010dun i financije Elena Grguri\u0107,<\/em><\/p>\n\n\n\n<ol start=\"17\" class=\"wp-block-list\">\n<li><em><strong>Prijedlog Odluke o izmjeni Odluke o javnim i po\u010dasnim priznanjima Op\u0107ine Matulji<\/strong><\/em><\/li>\n<\/ol>\n\n\n\n<p><em>Izvjestitelji: Op\u0107inska na\u010delnica Ingrid Debeuc i Slu\u017ebenik ovla\u0161ten za privremeno obavljanje poslova pro\u010delnika <\/em><em>Upravnog odjela<\/em><em> za samoupravu i upravu Irena Gau\u0161,<\/em><\/p>\n\n\n\n<ol start=\"18\" class=\"wp-block-list\">\n<li><em><strong>Prijedlog Odluke o izmjenama i dopunama Odluke o sufinanciranju tro\u0161kova medicinski pomognute oplodnje<\/strong><\/em><\/li>\n<\/ol>\n\n\n\n<p><em>Izvjestitelji:<\/em><em> Op\u0107inska na\u010delnica Ingrid Debeuc i <\/em><em>Slu\u017ebenik ovla\u0161ten za privremeno obavljanje poslova pro\u010delnika <\/em><em>Upravnog odjela<\/em><em> za samoupravu i upravu Irena Gau\u0161<\/em><em>,<\/em><\/p>\n\n\n\n<ol start=\"19\" class=\"wp-block-list\">\n<li><em><strong>Prijedlog Odluke o izmjenama i dopunama Odluke o sufinanciranju programa produ\u017eenog boravka i cjelodnevne nastave u osnovnim \u0161kolama<\/strong><\/em><\/li>\n<\/ol>\n\n\n\n<p><em>Izvjestitelji:<\/em><em> Op\u0107inska na\u010delnica Ingrid Debeuc i <\/em><em>Slu\u017ebenik ovla\u0161ten za privremeno obavljanje poslova pro\u010delnika <\/em><em>Upravnog odjela<\/em><em> za samoupravu i upravu Irena Gau\u0161<\/em><em>,<\/em><\/p>\n\n\n\n<ol start=\"20\" class=\"wp-block-list\">\n<li><em><strong>Prijedlog Odluke o izmjenama i dopunama Odluke o stipendiranju u\u010denika i studenata<\/strong><\/em><\/li>\n<\/ol>\n\n\n\n<p><em>Izvjestitelji:<\/em><em> Op\u0107inska na\u010delnica Ingrid Debeuc i <\/em><em>Slu\u017ebenik ovla\u0161ten za privremeno obavljanje poslova pro\u010delnika <\/em><em>Upravnog odjela<\/em><em> za samoupravu i upravu Irena Gau\u0161<\/em><em>,<\/em><\/p>\n\n\n\n<ol start=\"21\" class=\"wp-block-list\">\n<li><em><strong>Prijedlog Odluke o izmjenama i dopunama Odluke o ostvarivanju prava na nov\u010danu pomo\u0107 za novoro\u0111eno dijete<\/strong><\/em><\/li>\n<\/ol>\n\n\n\n<p><em>Izvjestitelji:<\/em><em> Op\u0107inska na\u010delnica Ingrid Debeuc i <\/em><em>Slu\u017ebenik ovla\u0161ten za privremeno obavljanje poslova pro\u010delnika <\/em><em>Upravnog odjela<\/em><em> za samoupravu i upravu Irena Gau\u0161<\/em><em>,<\/em><\/p>\n\n\n\n<ol start=\"22\" class=\"wp-block-list\">\n<li><em><strong>Prijedlog Odluke o pokretanju postupka izrade strategije zelene urbane obnove Op\u0107ine Matulji za razdoblje od pet godina<\/strong><\/em><\/li>\n<\/ol>\n\n\n\n<p><em>Izvjestitelji:<\/em><em> Op\u0107inska na\u010delnica Ingrid Debeuc i <\/em><em>Slu\u017ebenik ovla\u0161ten za privremeno obavljanje poslova pro\u010delnika <\/em><em>Upravnog odjela<\/em><em> za samoupravu i upravu Irena Gau\u0161<\/em><em>,<\/em><\/p>\n\n\n\n<ol start=\"23\" class=\"wp-block-list\">\n<li><em><strong>Izvje\u0161taj o kori\u0161tenju sredstava prora\u010dunske zalihe za razdoblje od 01.07. do 30.09.2025. godine<\/strong><\/em><\/li>\n<\/ol>\n\n\n\n<p><em>Izvjestitelji: Op\u0107inska na\u010delnica Ingrid Debeuc<\/em><\/p>\n\n\n\n<p><em>Napomena: Uvid u materijal uz to\u010dku 1. dnevnog reda mo\u017eete izvr\u0161iti u uredovno vrijeme Op\u0107ine Matulji u Upravnom odjelu za samoupravu i upravu.<\/em><\/p>\n\n\n\n<p><em>U prijedlogu Odluke iz to\u010dke 11. dnevnog reda u tijeku je javno savjetovanje te \u0107e se izvje\u0161\u0107e sa istoga dostaviti po zavr\u0161etku javnog savjetovanja.<\/em><\/p>\n\n\n\n<p><a><\/a><a><\/a><a><\/a><a><\/a><a><\/a><a><\/a> Sukladno \u010dlanku 63. Poslovnika Op\u0107inskog vije\u0107a Op\u0107ine Matulji na predlo\u017eeni dnevni red mo\u017ee se podnijeti pisani prigovor najkasnije 08.12.2025. godine.<\/p>\n\n\n\n<p>Eventualni amandmani na to\u010dke dnevnog reda, sukladno \u010dlanku 38. Poslovnika Op\u0107inskog vije\u0107a Op\u0107ine Matulji, mogu se podnijeti u pisanom obliku uz obrazlo\u017eenje najkasnije&nbsp;<strong>3 dana prije odr\u017eavanja sjednice<\/strong>.<\/p>\n\n\n\n<p>Kompletan materijal za sjednicu vije\u0107a preuzmite <strong><a href=\"https:\/\/mail.matulji.hr\/spremanje\/4._sjednica_OV.zip\">OVDJE<\/a>.<\/strong><\/p>\n\n\n\n<p class=\"has-text-align-right\">OP\u0106INSKO VIJE\u0106E OP\u0106INE MATULJI <br>Predsjednica Op\u0107inskog vije\u0107a<strong><br>Iva Letina<\/strong><\/p>\n","protected":false},"excerpt":{"rendered":"<p>Na temelju \u010dlanka 34. stavka 1. to\u010dka 3. Statuta Op\u0107ine Matulji (\u201eSlu\u017ebene novine Primorsko- goranske \u017eupanije\u201c broj 26\/09, 38\/09, 8\/13, 17\/14, 29\/14, 4\/15 \u2013 pro\u010di\u0161\u0107eni tekst 39\/15, 07\/18, 6\/21, 23\/21 i 36\/23) S a z i v a m 4. sjednicu Op\u0107inskog vije\u0107a Op\u0107ine Matulji, koja \u0107e se odr\u017eati dana 9. prosinca 2025. godine&nbsp;(utorak) s po\u010detkom u&nbsp;17,00 sati&nbsp;u vije\u0107nici Op\u0107ine Matulji. Za sjednicu se predla\u017ee: DNEVNI RED Izvjestitelj: Predstavnik KD Komunalac d.o.o. Izvjestitelj: Zapovjednik Javne vatrogasne postrojbe Opatija Igor Ravni\u0107, Izvjestitelji: Op\u0107inska na\u010delnica Ingrid Debeuc, Slu\u017ebenik ovla\u0161ten za privremeno obavljanje&#8230; <\/p>\n","protected":false},"author":3,"featured_media":8756,"comment_status":"closed","ping_status":"","sticky":false,"template":"","format":"standard","meta":{"footnotes":""},"categories":[3,8],"tags":[],"class_list":["post-12564","post","type-post","status-publish","format-standard","has-post-thumbnail","hentry","category-novosti","category-sjednice"],"_links":{"self":[{"href":"https:\/\/matulji.hr\/portal\/wp-json\/wp\/v2\/posts\/12564","targetHints":{"allow":["GET"]}}],"collection":[{"href":"https:\/\/matulji.hr\/portal\/wp-json\/wp\/v2\/posts"}],"about":[{"href":"https:\/\/matulji.hr\/portal\/wp-json\/wp\/v2\/types\/post"}],"author":[{"embeddable":true,"href":"https:\/\/matulji.hr\/portal\/wp-json\/wp\/v2\/users\/3"}],"replies":[{"embeddable":true,"href":"https:\/\/matulji.hr\/portal\/wp-json\/wp\/v2\/comments?post=12564"}],"version-history":[{"count":4,"href":"https:\/\/matulji.hr\/portal\/wp-json\/wp\/v2\/posts\/12564\/revisions"}],"predecessor-version":[{"id":12578,"href":"https:\/\/matulji.hr\/portal\/wp-json\/wp\/v2\/posts\/12564\/revisions\/12578"}],"wp:featuredmedia":[{"embeddable":true,"href":"https:\/\/matulji.hr\/portal\/wp-json\/wp\/v2\/media\/8756"}],"wp:attachment":[{"href":"https:\/\/matulji.hr\/portal\/wp-json\/wp\/v2\/media?parent=12564"}],"wp:term":[{"taxonomy":"category","embeddable":true,"href":"https:\/\/matulji.hr\/portal\/wp-json\/wp\/v2\/categories?post=12564"},{"taxonomy":"post_tag","embeddable":true,"href":"https:\/\/matulji.hr\/portal\/wp-json\/wp\/v2\/tags?post=12564"}],"curies":[{"name":"wp","href":"https:\/\/api.w.org\/{rel}","templated":true}]}}