{"id":11686,"date":"2025-03-25T15:57:39","date_gmt":"2025-03-25T14:57:39","guid":{"rendered":"https:\/\/matulji.hr\/portal\/?p=11686"},"modified":"2025-03-25T15:57:39","modified_gmt":"2025-03-25T14:57:39","slug":"tjedan-dobre-djecje-knjige-2025-najava-programa","status":"publish","type":"post","link":"https:\/\/matulji.hr\/portal\/tjedan-dobre-djecje-knjige-2025-najava-programa\/","title":{"rendered":"TJEDAN DOBRE DJE\u010cJE KNJIGE 2025. \u2013 NAJAVA PROGRAMA"},"content":{"rendered":"\n<p>U prvom tjednu mjeseca travnja o\u010dekuje vas novo, trinaesto po redu, izdanje Tjedna dobre dje\u010dje knjige, najve\u0107e manifestacije dje\u010dje \u010ditateljske kulture i kreativnosti u rije\u010dkoj regiji.<\/p>\n\n\n\n<p>Tjedan dobre dje\u010dje knjige u organizaciji Gradske knji\u017enice Rijeka okuplja i brojne druge narodne knji\u017enice u \u017dupaniji te mu se ve\u0107 tradicionalno pridru\u017euje i Gradska knji\u017enica i \u010ditaonica \u201eViktor Car Emin\u201d Opatija sa svojim podru\u010dnim knji\u017enicama Lovran, Matulji, Kastav i Mo\u0161\u0107eni\u010dka Draga.<\/p>\n\n\n\n<p>Sredi\u0161nja tema ovogodi\u0161nje manifestacije jest misterij te je za najmla\u0111e i najzahtjevnije korisnike knji\u017enice (i one koji \u0107e to tek postati) pripremljen raznovrsan program:<\/p>\n\n\n\n<p>autorski susreti, predstavljanje knjige i slikovnica, pri\u010daonice, STEAM, kreativne i jezi\u010dne radionice te knji\u0161ke igre o\u010dekuju mali\u0161ane i one ne\u0161to ve\u0107e klince u tjednu od 31. o\u017eujka do 5. travnja.<\/p>\n\n\n\n<p>Jutarnji susreti rezervirani su za \u0161kole i vrti\u0107e, dok je na popodnevna doga\u0111anja i radionice ulaz slobodan uz prethodnu prijavu.<\/p>\n\n\n\n<p>Prijaviti se mo\u017eete na:<\/p>\n\n\n\n<p>&#8211; broj telefona: 051\/712-987,<\/p>\n\n\n\n<p>&#8211; e-mail: <a href=\"mailto:gradska.knjiznica.opatija@gk-opatija.hr\">gradska.knjiznica.opatija@gk-opatija.hr<\/a> ili<\/p>\n\n\n\n<p>&#8211; osobno u Knji\u017enici.<\/p>\n\n\n\n<p>No to nije sve, mislili su i na sve one zaboravne!<\/p>\n\n\n\n<p><a><\/a> Tijekom \u010ditavog Tjedna dobre dje\u010dje knjige u svim knji\u017enicama u sastavu Gradske knji\u017enice Opatija provodit \u0107e se akcija oprosta zakasnine na lektire.<\/p>\n\n\n\n<p>O\u010dekujemo povrat svih onih zametnutih lektira, zaboravljenih ispod jastuka, pod krevetom, u ladicama i ostalim misterioznim mjestima va\u0161ih domova.<\/p>\n\n\n\n<p>Cjelovit program je u nastavku:<\/p>\n\n\n\n<p><a href=\"https:\/\/gk-opatija.hr\/hr\/novosti\/najave\/tjedan-dobre-djecje-knjige-2025,369.html?fbclid=IwZXh0bgNhZW0CMTAAAR3fEN-MktkWUQFZf4IURtQgKvrMbZBfxV3P5vRO_B2ASqLIjvgInIphMRY_aem_DnVS_u1_3xOPIGH92ILpGQ\">Program Tjedna dobre dje\u010dje knjige<\/a><\/p>\n","protected":false},"excerpt":{"rendered":"<p>U prvom tjednu mjeseca travnja o\u010dekuje vas novo, trinaesto po redu, izdanje Tjedna dobre dje\u010dje knjige, najve\u0107e manifestacije dje\u010dje \u010ditateljske kulture i kreativnosti u rije\u010dkoj regiji. Tjedan dobre dje\u010dje knjige u organizaciji Gradske knji\u017enice Rijeka okuplja i brojne druge narodne knji\u017enice u \u017dupaniji te mu se ve\u0107 tradicionalno pridru\u017euje i Gradska knji\u017enica i \u010ditaonica \u201eViktor Car Emin\u201d Opatija sa svojim podru\u010dnim knji\u017enicama Lovran, Matulji, Kastav i Mo\u0161\u0107eni\u010dka Draga. Sredi\u0161nja tema ovogodi\u0161nje manifestacije jest misterij te je za najmla\u0111e i najzahtjevnije korisnike knji\u017enice (i one koji \u0107e to tek postati) pripremljen&#8230; <\/p>\n","protected":false},"author":3,"featured_media":11685,"comment_status":"closed","ping_status":"","sticky":false,"template":"","format":"standard","meta":{"footnotes":""},"categories":[3],"tags":[],"class_list":["post-11686","post","type-post","status-publish","format-standard","has-post-thumbnail","hentry","category-novosti"],"_links":{"self":[{"href":"https:\/\/matulji.hr\/portal\/wp-json\/wp\/v2\/posts\/11686","targetHints":{"allow":["GET"]}}],"collection":[{"href":"https:\/\/matulji.hr\/portal\/wp-json\/wp\/v2\/posts"}],"about":[{"href":"https:\/\/matulji.hr\/portal\/wp-json\/wp\/v2\/types\/post"}],"author":[{"embeddable":true,"href":"https:\/\/matulji.hr\/portal\/wp-json\/wp\/v2\/users\/3"}],"replies":[{"embeddable":true,"href":"https:\/\/matulji.hr\/portal\/wp-json\/wp\/v2\/comments?post=11686"}],"version-history":[{"count":1,"href":"https:\/\/matulji.hr\/portal\/wp-json\/wp\/v2\/posts\/11686\/revisions"}],"predecessor-version":[{"id":11687,"href":"https:\/\/matulji.hr\/portal\/wp-json\/wp\/v2\/posts\/11686\/revisions\/11687"}],"wp:featuredmedia":[{"embeddable":true,"href":"https:\/\/matulji.hr\/portal\/wp-json\/wp\/v2\/media\/11685"}],"wp:attachment":[{"href":"https:\/\/matulji.hr\/portal\/wp-json\/wp\/v2\/media?parent=11686"}],"wp:term":[{"taxonomy":"category","embeddable":true,"href":"https:\/\/matulji.hr\/portal\/wp-json\/wp\/v2\/categories?post=11686"},{"taxonomy":"post_tag","embeddable":true,"href":"https:\/\/matulji.hr\/portal\/wp-json\/wp\/v2\/tags?post=11686"}],"curies":[{"name":"wp","href":"https:\/\/api.w.org\/{rel}","templated":true}]}}