{"id":10726,"date":"2024-05-02T16:35:57","date_gmt":"2024-05-02T14:35:57","guid":{"rendered":"https:\/\/matulji.hr\/portal\/?p=10726"},"modified":"2024-05-02T16:35:57","modified_gmt":"2024-05-02T14:35:57","slug":"obiljezavanje-dana-oslobodenja-matulja-i-komemoracije-u-munama-zejanama-i-pasjaku","status":"publish","type":"post","link":"https:\/\/matulji.hr\/portal\/obiljezavanje-dana-oslobodenja-matulja-i-komemoracije-u-munama-zejanama-i-pasjaku\/","title":{"rendered":"OBILJE\u017dAVANJE DANA OSLOBO\u0110ENJA MATULJA I KOMEMORACIJE U MUNAMA, \u017dEJANAMA I PASJAKU"},"content":{"rendered":"\n<p>Na Dan oslobo\u0111enja Matulja u <strong>petak, 03.05.2024. godine<\/strong> Udruga antifa\u0161isti\u010dkih boraca i antifa\u0161ista Liburnije, podru\u017enica Matulji te Op\u0107ina Matulji polo\u017eiti \u0107e vijence u 10,00 sati na groblju u Matuljima dok \u0107e se u 10,30 sati polo\u017eiti vijenac na glavnom spomeniku u centru Matulja uz prigodan program.<\/p>\n\n\n\n<p>U <strong>nedjelju, 05.05.2024<\/strong><strong>. godine<\/strong>, povodom obilje\u017eavanja 80. godi\u0161njice oslobo\u0111enja Op\u0107ine Matulji i zavr\u0161nih borbi na podru\u010dju Primorsko-goranske \u017eupanije, odr\u017eati \u0107e se polaganje vijenaca u Pasjaku te komemoracije u \u017dejanama i Munama.<\/p>\n\n\n\n<p>U 12,30 sati u Pasjaku, polaganjem vijenaca, obilje\u017eiti \u0107e se obljetnica oslobo\u0111enja Op\u0107ine Matulji i zavr\u0161nih borbi na podru\u010dju na\u0161e \u017eupanije.<\/p>\n\n\n\n<p>U 14,00 sati odr\u017eati \u0107e se Komemorativni skup u Malim Munama kraj spomenika zapovjedniku partizanske brigade \u201eTriestina\u201c Giovanniu Zollu. Giovanni Zoll, kao komandant partizanske brigade \u201eTriestina\u201c borio se zajedno s partizanima Istre i Slovenskog primorja&nbsp; u borbi protiv nacifa\u0161izma, a poginuo je u sukobu s njema\u010dkom patrolom na prilazu Malih Muna. Vijence \u0107e polo\u017eiti delegacija Op\u0107ine Matulji i UABA Liburnije, podru\u017enica Matulji, delegacija ANPI Comune di Fiume Veneto te delegacija ANPI Trieste.<\/p>\n\n\n\n<p>U 15,00 sati, polaganjem vijenaca kraj spomenika palim borcima, \u017ertvama fa\u0161isti\u010dkog terora odr\u017eati \u0107e se komemoracija u Velim Munama.<\/p>\n\n\n\n<p>U \u017dejanama u 16,00 sati odr\u017eati \u0107e se komemoracija kraj spomenika palim borcima, \u017ertvama fa\u0161isti\u010dkog terora.<\/p>\n\n\n\n<p>Program komemoracija \u0107e svojim nastupom obogatiti KUD U\u010dka Matulji, \u017dejanski kntaduri i Igor Dori\u010di\u0107 na harmonici.<\/p>\n\n\n\n<p>Organizatori su Udruga antifa\u0161isti\u010dkih boraca i antifa\u0161ista Liburnije sa podru\u017enicom Matulji, a pokrovitelj Op\u0107ina Matulji.<\/p>\n","protected":false},"excerpt":{"rendered":"<p>Na Dan oslobo\u0111enja Matulja u petak, 03.05.2024. godine Udruga antifa\u0161isti\u010dkih boraca i antifa\u0161ista Liburnije, podru\u017enica Matulji te Op\u0107ina Matulji polo\u017eiti \u0107e vijence u 10,00 sati na groblju u Matuljima dok \u0107e se u 10,30 sati polo\u017eiti vijenac na glavnom spomeniku u centru Matulja uz prigodan program. U nedjelju, 05.05.2024. godine, povodom obilje\u017eavanja 80. godi\u0161njice oslobo\u0111enja Op\u0107ine Matulji i zavr\u0161nih borbi na podru\u010dju Primorsko-goranske \u017eupanije, odr\u017eati \u0107e se polaganje vijenaca u Pasjaku te komemoracije u \u017dejanama i Munama. U 12,30 sati u Pasjaku, polaganjem vijenaca, obilje\u017eiti \u0107e se obljetnica oslobo\u0111enja Op\u0107ine&#8230; <\/p>\n","protected":false},"author":3,"featured_media":10725,"comment_status":"closed","ping_status":"","sticky":false,"template":"","format":"standard","meta":{"footnotes":""},"categories":[3],"tags":[],"class_list":["post-10726","post","type-post","status-publish","format-standard","has-post-thumbnail","hentry","category-novosti"],"_links":{"self":[{"href":"https:\/\/matulji.hr\/portal\/wp-json\/wp\/v2\/posts\/10726","targetHints":{"allow":["GET"]}}],"collection":[{"href":"https:\/\/matulji.hr\/portal\/wp-json\/wp\/v2\/posts"}],"about":[{"href":"https:\/\/matulji.hr\/portal\/wp-json\/wp\/v2\/types\/post"}],"author":[{"embeddable":true,"href":"https:\/\/matulji.hr\/portal\/wp-json\/wp\/v2\/users\/3"}],"replies":[{"embeddable":true,"href":"https:\/\/matulji.hr\/portal\/wp-json\/wp\/v2\/comments?post=10726"}],"version-history":[{"count":1,"href":"https:\/\/matulji.hr\/portal\/wp-json\/wp\/v2\/posts\/10726\/revisions"}],"predecessor-version":[{"id":10727,"href":"https:\/\/matulji.hr\/portal\/wp-json\/wp\/v2\/posts\/10726\/revisions\/10727"}],"wp:featuredmedia":[{"embeddable":true,"href":"https:\/\/matulji.hr\/portal\/wp-json\/wp\/v2\/media\/10725"}],"wp:attachment":[{"href":"https:\/\/matulji.hr\/portal\/wp-json\/wp\/v2\/media?parent=10726"}],"wp:term":[{"taxonomy":"category","embeddable":true,"href":"https:\/\/matulji.hr\/portal\/wp-json\/wp\/v2\/categories?post=10726"},{"taxonomy":"post_tag","embeddable":true,"href":"https:\/\/matulji.hr\/portal\/wp-json\/wp\/v2\/tags?post=10726"}],"curies":[{"name":"wp","href":"https:\/\/api.w.org\/{rel}","templated":true}]}}