{"id":10614,"date":"2024-02-27T17:02:56","date_gmt":"2024-02-27T16:02:56","guid":{"rendered":"https:\/\/matulji.hr\/portal\/?p=10614"},"modified":"2024-02-27T17:03:03","modified_gmt":"2024-02-27T16:03:03","slug":"javni-natjecaj-za-dodjelu-sredstava-za-financiranje-programa-projekata-i-manifestacija-koje-provode-udruge-i-druge-organizacije-civilnog-drustva-u-2024-godini","status":"publish","type":"post","link":"https:\/\/matulji.hr\/portal\/javni-natjecaj-za-dodjelu-sredstava-za-financiranje-programa-projekata-i-manifestacija-koje-provode-udruge-i-druge-organizacije-civilnog-drustva-u-2024-godini\/","title":{"rendered":"JAVNI NATJE\u010cAJ ZA DODJELU SREDSTAVA ZA FINANCIRANJE PROGRAMA, PROJEKATA I MANIFESTACIJA KOJE PROVODE UDRUGE I DRUGE ORGANIZACIJE CIVILNOG DRU\u0160TVA U 2024. GODINI"},"content":{"rendered":"\n<p>Raspisan je Javni natje\u010daj za dodjelu sredstava za financiranje programa, projekata i manifestacija koje provode udruge i druge organizacije civilnog dru\u0161tva u 2024. godini.<\/p>\n\n\n\n<p>Prijave se podnose za sljede\u0107a podru\u010dja: obrazovanje, socijalna skrb, za\u0161tita okoli\u0161a, poljoprivreda i gospodarstvo, programi, projekti i manifestacije usmjereni na osobe tre\u0107e \u017eivotne dobi i programi, projekti i manifestacije udruga branitelja iz Domovinskog rata te udruga boraca iz II. svjetskog rata.<\/p>\n\n\n\n<p>Rok za prijavu na Javni natje\u010daj je 28. o\u017eujak 2024. godine.<\/p>\n\n\n\n<p>Kompletnu dokumentaciju preuzmite <a href=\"https:\/\/matulji.hr\/portal\/wp-content\/uploads\/2024\/02\/JAVNI-NATJECAJ-ZA-UDRUGE-U-2024.zip\" data-type=\"link\" data-id=\"https:\/\/matulji.hr\/portal\/wp-content\/uploads\/2024\/02\/JAVNI-NATJECAJ-ZA-UDRUGE-U-2024.zip\"><strong>OVJDE<\/strong><\/a>.<\/p>\n","protected":false},"excerpt":{"rendered":"<p>Raspisan je Javni natje\u010daj za dodjelu sredstava za financiranje programa, projekata i manifestacija koje provode udruge i druge organizacije civilnog dru\u0161tva u 2024. godini. Prijave se podnose za sljede\u0107a podru\u010dja: obrazovanje, socijalna skrb, za\u0161tita okoli\u0161a, poljoprivreda i gospodarstvo, programi, projekti i manifestacije usmjereni na osobe tre\u0107e \u017eivotne dobi i programi, projekti i manifestacije udruga branitelja iz Domovinskog rata te udruga boraca iz II. svjetskog rata. Rok za prijavu na Javni natje\u010daj je 28. o\u017eujak 2024. godine. Kompletnu dokumentaciju preuzmite OVJDE.<\/p>\n","protected":false},"author":3,"featured_media":10616,"comment_status":"closed","ping_status":"","sticky":false,"template":"","format":"standard","meta":{"footnotes":""},"categories":[3],"tags":[],"class_list":["post-10614","post","type-post","status-publish","format-standard","has-post-thumbnail","hentry","category-novosti"],"_links":{"self":[{"href":"https:\/\/matulji.hr\/portal\/wp-json\/wp\/v2\/posts\/10614","targetHints":{"allow":["GET"]}}],"collection":[{"href":"https:\/\/matulji.hr\/portal\/wp-json\/wp\/v2\/posts"}],"about":[{"href":"https:\/\/matulji.hr\/portal\/wp-json\/wp\/v2\/types\/post"}],"author":[{"embeddable":true,"href":"https:\/\/matulji.hr\/portal\/wp-json\/wp\/v2\/users\/3"}],"replies":[{"embeddable":true,"href":"https:\/\/matulji.hr\/portal\/wp-json\/wp\/v2\/comments?post=10614"}],"version-history":[{"count":2,"href":"https:\/\/matulji.hr\/portal\/wp-json\/wp\/v2\/posts\/10614\/revisions"}],"predecessor-version":[{"id":10618,"href":"https:\/\/matulji.hr\/portal\/wp-json\/wp\/v2\/posts\/10614\/revisions\/10618"}],"wp:featuredmedia":[{"embeddable":true,"href":"https:\/\/matulji.hr\/portal\/wp-json\/wp\/v2\/media\/10616"}],"wp:attachment":[{"href":"https:\/\/matulji.hr\/portal\/wp-json\/wp\/v2\/media?parent=10614"}],"wp:term":[{"taxonomy":"category","embeddable":true,"href":"https:\/\/matulji.hr\/portal\/wp-json\/wp\/v2\/categories?post=10614"},{"taxonomy":"post_tag","embeddable":true,"href":"https:\/\/matulji.hr\/portal\/wp-json\/wp\/v2\/tags?post=10614"}],"curies":[{"name":"wp","href":"https:\/\/api.w.org\/{rel}","templated":true}]}}