{"id":1054,"date":"2015-12-10T22:39:47","date_gmt":"2015-12-10T22:39:47","guid":{"rendered":"http:\/\/matulji.hr\/pocetna\/?p=1054"},"modified":"2015-12-10T22:39:47","modified_gmt":"2015-12-10T22:39:47","slug":"foto-novi-zivot-stare-ambulante-privatna-zgrada-zadrzat-ce-javnu-namjenu-kao-zavicajna-zbirka-i-rodoslovni-centar","status":"publish","type":"post","link":"https:\/\/matulji.hr\/portal\/foto-novi-zivot-stare-ambulante-privatna-zgrada-zadrzat-ce-javnu-namjenu-kao-zavicajna-zbirka-i-rodoslovni-centar\/","title":{"rendered":"FOTO: Novi \u017eivot \u201dStare ambulante\u201d: Privatna zgrada zadr\u017eat \u0107e javnu namjenu kao zavi\u010dajna zbirka i rodoslovni centar"},"content":{"rendered":"<p><a href=\"https:\/\/matulji.hr\/pocetna\/wp-content\/uploads\/2015\/12\/marija_desanka_puharic_rodoslovni_centar_zavicajna_zbirka_matulji.jpg\"><img loading=\"lazy\" decoding=\"async\" class=\"alignleft size-medium wp-image-1055\" src=\"http:\/\/matulji.hr\/pocetna\/wp-content\/uploads\/2015\/12\/marija_desanka_puharic_rodoslovni_centar_zavicajna_zbirka_matulji-300x169.jpg\" alt=\"marija_desanka_puharic_rodoslovni_centar_zavicajna_zbirka_matulji\" width=\"300\" height=\"169\" \/><\/a>Biv\u0161a \u201dAmbulanta\u201d u Matuljima, smje\u0161tena nedaleko centra, koja je svoju medicinsku funkciju izgubila nakon \u0161to je otvoren novi matuljski Centar primarne zdravstvene za\u0161tite, krajem ove godine zapo\u010det \u0107e svoj \u201dnovi \u017eivot\u201d kao Zavi\u010dajna zbirka matuljskog kraja, ali i Rodoslovni centar Kastav\u0161tine i Liburnije. <!--more--><br \/>\nProjekt su na ju\u010dera\u0161njoj tiskovnoj konferenciji, u dru\u0161tvu op\u0107inskih \u010delnika Marija \u0106ikovi\u0107a i Eni \u0160ebalj, predstavile sestre dr. Marija Puhari\u0107 \u2013 Hara\u0161li\u0107 i Desanka Puhari\u0107, autorice i pokreta\u010dice projekta koji \u0107e zasigurno obogatiti javni \u017eivot Matulja, ali i pru\u017eiti nove spoznaje brojnim njegovim stanovnicima.<br \/>\nKompletan <a href=\"http:\/\/www.liburnija.net\/foto-novi-zivot-stare-ambulante-privatna-zgrada-zadrzat-ce-javnu-namjenu-kao-zavicajna-zbirka-i-rodoslovni-centar-matulji\/\">tekst pro\u010ditajte na ovom linku<\/a>.<\/p>\n","protected":false},"excerpt":{"rendered":"<p>Biv\u0161a \u201dAmbulanta\u201d u Matuljima, smje\u0161tena nedaleko centra, koja je svoju medicinsku funkciju izgubila nakon \u0161to je otvoren novi matuljski Centar primarne zdravstvene za\u0161tite, krajem ove godine zapo\u010det \u0107e svoj \u201dnovi \u017eivot\u201d kao Zavi\u010dajna zbirka matuljskog kraja, ali i Rodoslovni centar Kastav\u0161tine i Liburnije.<\/p>\n","protected":false},"author":2,"featured_media":0,"comment_status":"closed","ping_status":"closed","sticky":false,"template":"","format":"standard","meta":{"footnotes":""},"categories":[3],"tags":[],"class_list":["post-1054","post","type-post","status-publish","format-standard","hentry","category-novosti"],"_links":{"self":[{"href":"https:\/\/matulji.hr\/portal\/wp-json\/wp\/v2\/posts\/1054","targetHints":{"allow":["GET"]}}],"collection":[{"href":"https:\/\/matulji.hr\/portal\/wp-json\/wp\/v2\/posts"}],"about":[{"href":"https:\/\/matulji.hr\/portal\/wp-json\/wp\/v2\/types\/post"}],"author":[{"embeddable":true,"href":"https:\/\/matulji.hr\/portal\/wp-json\/wp\/v2\/users\/2"}],"replies":[{"embeddable":true,"href":"https:\/\/matulji.hr\/portal\/wp-json\/wp\/v2\/comments?post=1054"}],"version-history":[{"count":0,"href":"https:\/\/matulji.hr\/portal\/wp-json\/wp\/v2\/posts\/1054\/revisions"}],"wp:attachment":[{"href":"https:\/\/matulji.hr\/portal\/wp-json\/wp\/v2\/media?parent=1054"}],"wp:term":[{"taxonomy":"category","embeddable":true,"href":"https:\/\/matulji.hr\/portal\/wp-json\/wp\/v2\/categories?post=1054"},{"taxonomy":"post_tag","embeddable":true,"href":"https:\/\/matulji.hr\/portal\/wp-json\/wp\/v2\/tags?post=1054"}],"curies":[{"name":"wp","href":"https:\/\/api.w.org\/{rel}","templated":true}]}}